{"id":7492,"date":"2010-04-05T13:37:11","date_gmt":"2010-04-05T12:37:11","guid":{"rendered":"http:\/\/www.andreas-edler.de\/blog\/?p=7492"},"modified":"2010-04-05T13:37:11","modified_gmt":"2010-04-05T12:37:11","slug":"ostermontagsrunde","status":"publish","type":"post","link":"https:\/\/www.andreas-edler.de\/blog\/2010\/04\/ostermontagsrunde\/","title":{"rendered":"Ostermontagsrunde"},"content":{"rendered":"<p>Es sieht drau\u00dfen immer noch besser aus, als es sich anf\u00fchlt :-( Aber da ich mir vorgenommen habe, mich wieder etwas mehr zu bewegen, bin ich eben raus und auf&#8217;s Rad. Eigentlich dachte ich, ich h\u00e4tte das Aspect 50 ordentlich eingestellt, aber als ich dann zur Burg Vlotho hoch wollte, habe ich schmerzlich bemerkt, dass das kleinste Kettenblatt vorne nicht zu schalten war. Hat ein bisschen weh getan ;-) <\/p>\n<p style=\"text-align:center;\"><img decoding=\"async\" src=\"http:\/\/www.andreas-edler.de\/grafik\/blog_2010\/20100405_brueckenfest_vlotho.jpg\" width=\"470\" border=\"0\" alt=\"\" title=\"\"><\/p>\n<p> Passte mir nicht so recht, weil ich eigentlich noch 2 andere H\u00fcgel \u00fcberfahren wollte und einfach noch nicht so fit bin, nur auf dem mittleren Kettenblatt da hoch zu strampeln. Aber nach ein bisschen \u00fcben konnte ich am Berg rechts ausklinken und mit der Schuhspitze die Kette auf das kleine Blatt schubsen. Nicht sch\u00f6n, hat aber geklappt. Mu\u00df ich wohl noch mal den Kreuzschlitz z\u00fccken.<\/p>\n<p>24 Km | 19 Km\/h Schnitt | 44 Km\/h max. | 266 H\u00f6henmeter <\/p>\n<p style=\"text-align:center;\"><img decoding=\"async\" src=\"http:\/\/www.andreas-edler.de\/grafik\/blog_2010\/20100405_profil.gif\" width=\"470\" border=\"0\" alt=\"\" title=\"\"><\/p>\n","protected":false},"excerpt":{"rendered":"<p>Es sieht drau\u00dfen immer noch besser aus, als es sich anf\u00fchlt :-( Aber da ich mir vorgenommen habe, mich wieder etwas mehr zu bewegen, bin ich eben raus und auf&#8217;s Rad. Eigentlich dachte ich, ich h\u00e4tte das Aspect 50 ordentlich &hellip;<\/p>\n<p class=\"read-more\"> <a class=\"more-link\" href=\"https:\/\/www.andreas-edler.de\/blog\/2010\/04\/ostermontagsrunde\/\"> <span class=\"screen-reader-text\">Ostermontagsrunde<\/span> Weiterlesen &raquo;<\/a><\/p>\n","protected":false},"author":1,"featured_media":0,"comment_status":"open","ping_status":"open","sticky":false,"template":"","format":"standard","meta":{"ngg_post_thumbnail":0,"activitypub_content_warning":"","activitypub_content_visibility":"","activitypub_max_image_attachments":2,"activitypub_interaction_policy_quote":"anyone","activitypub_status":"","footnotes":""},"categories":[22,15],"tags":[],"class_list":["post-7492","post","type-post","status-publish","format-standard","hentry","category-basteln","category-fahrrad"],"share_on_mastodon":{"url":"","error":""},"_links":{"self":[{"href":"https:\/\/www.andreas-edler.de\/blog\/wp-json\/wp\/v2\/posts\/7492","targetHints":{"allow":["GET"]}}],"collection":[{"href":"https:\/\/www.andreas-edler.de\/blog\/wp-json\/wp\/v2\/posts"}],"about":[{"href":"https:\/\/www.andreas-edler.de\/blog\/wp-json\/wp\/v2\/types\/post"}],"author":[{"embeddable":true,"href":"https:\/\/www.andreas-edler.de\/blog\/wp-json\/wp\/v2\/users\/1"}],"replies":[{"embeddable":true,"href":"https:\/\/www.andreas-edler.de\/blog\/wp-json\/wp\/v2\/comments?post=7492"}],"version-history":[{"count":0,"href":"https:\/\/www.andreas-edler.de\/blog\/wp-json\/wp\/v2\/posts\/7492\/revisions"}],"wp:attachment":[{"href":"https:\/\/www.andreas-edler.de\/blog\/wp-json\/wp\/v2\/media?parent=7492"}],"wp:term":[{"taxonomy":"category","embeddable":true,"href":"https:\/\/www.andreas-edler.de\/blog\/wp-json\/wp\/v2\/categories?post=7492"},{"taxonomy":"post_tag","embeddable":true,"href":"https:\/\/www.andreas-edler.de\/blog\/wp-json\/wp\/v2\/tags?post=7492"}],"curies":[{"name":"wp","href":"https:\/\/api.w.org\/{rel}","templated":true}]}}