{"id":7420,"date":"2010-03-31T18:02:46","date_gmt":"2010-03-31T17:02:46","guid":{"rendered":"http:\/\/www.andreas-edler.de\/blog\/?p=7420"},"modified":"2010-03-31T18:41:40","modified_gmt":"2010-03-31T17:41:40","slug":"fehler-richtig-abgeschrieben","status":"publish","type":"post","link":"https:\/\/www.andreas-edler.de\/blog\/2010\/03\/fehler-richtig-abgeschrieben\/","title":{"rendered":"Fehler richtig abgeschrieben"},"content":{"rendered":"<p>Als ich heute mittag von meinen Eltern den Vertikultierer holte, um meinen Rasen auf Vordermann zu bringen, konnte ich den Borweg nicht herunter fahren. <a href=\"http:\/\/twitter.com\/filmfacts\/status\/11362353429\">Polizei, Notarzt und ein Einsatzwagen der Feuerwehr versperrten den Weg<\/a>. Zumindest sah es so aus und ich wollte da nicht mit dem Anh\u00e4nger durchzirkeln. <\/p>\n<p style=\"text-align:center;\"><img decoding=\"async\" src=\"http:\/\/www.andreas-edler.de\/grafik\/blog_2010\/20100331_unfall_borweg.jpg\" width=\"470\" border=\"0\" alt=\"\" title=\"\"><\/p>\n<p> Anscheinend ist ein \u00e4lterer Herr am Steuer seines Hummer &#8211; aus welchen Gr\u00fcnden auch immer &#8211; ohnm\u00e4chtig geworden, hat die Kontrolle \u00fcber den Wagen verloren und ist in einen Vorgarten gerollt. So weit so richtig.<\/p>\n<p>In der Pressemeldung der Polizei heisst es nun <cite><b><a href=\"http:\/\/www.polizei-nrw.de\/presseportal\/behoerden\/minden-luebbecke\/article\/meldung-100331-152740-60-332.html\">Presseportal der Polizei NRW<\/a><\/b> &#8230; zu Beginn einer leichten Kurve weiter geradeaus und prallte gegen die Hauswand &#8230;<\/cite> Die Neue-Westf\u00e4lische \u00fcbernimmt das fast wortgleich <cite><b><a href=\"http:\/\/www.nw-news.de\/owl\/3468849_66-Jaehriger_bei_Unfall_gestorben.html\">Neue Westf\u00e4lische<\/a><\/b> &#8230; Die Polizei ermittelt, dass der &#8222;Hummer&#8220; auf der absch\u00fcssigen Fahrbahn zu Beginn einer leichten Kurve geradeaus gefahren und gegen die Hauswand geprallt ist &#8230;<\/cite> Allein: das stimmt nicht! An dieser Stelle ist der Borweg schnurgerade, wie man auf meinem Foto sch\u00f6n sehen kann. Die erw\u00e4hnte &#8211; gar nicht mal so leichte &#8211; Kurve beginnt ca. 150 Meter hinter dem Unfallort. Es kann also tats\u00e4chlich gar keine Rede davon sein, dass der Wagen in einer Kurve geradeaus gefahren ist. Er ist vielmehr auf der Geraden nach links von der Fahrbahn abgekommen &#8211; was auch nicht weiter ungew\u00f6hnlich ist und am Unfall an sich nichts \u00e4ndert.<\/p>\n<p>Was mich wundert ist: warum gibt die Polizei die \u00d6rtlichkeiten falsch wieder? Und es ist ganz einfach falsch. Und was mich nochmehr wundert: der Redakteur der NW war vor Ort &#8211; ich habe ihn in seinem Auto gesehen &#8211; der ist die Stra\u00dfe sogar hinauf gefahren. Ist ihm dabei nicht aufgefallen, dass da keine Kurve war und ist?<\/p>\n<p>Sicher ist das eine Kleinigkeit und hat auf die Meldung an sich keine Auswirkung (keine die ich erkennen k\u00f6nnte), aber bei der Ausdr\u00fccklichkeit mit der die Umgebung beschrieben wird, sollte die Beschreibung doch passen. Und ganz ehrlich erwarte ich von einer Zeitung, so klein sie auch sein mag, dass soetwas auff\u00e4llt. Das ist doch Recherche, oder nicht?<\/p>\n<p>Da jammern die Printmedien, dass ihnen die Leser weglaufen. Ist doch kein Wunder, wenn sie nur abschreiben und dabei nichtmal offensichtliche Fehler korrigieren. Ich habe jedenfalls nicht erst seit heute arge Probleme mit dem geschriebenen Wort in Zeitungen. Wer sagt mir denn, dass es immer nur solche Nebenschaupl\u00e4tze sind, die nicht korrekt wiedergegeben werden?<\/p>\n","protected":false},"excerpt":{"rendered":"<p>Als ich heute mittag von meinen Eltern den Vertikultierer holte, um meinen Rasen auf Vordermann zu bringen, konnte ich den Borweg nicht herunter fahren. Polizei, Notarzt und ein Einsatzwagen der Feuerwehr versperrten den Weg. Zumindest sah es so aus und &hellip;<\/p>\n<p class=\"read-more\"> <a class=\"more-link\" href=\"https:\/\/www.andreas-edler.de\/blog\/2010\/03\/fehler-richtig-abgeschrieben\/\"> <span class=\"screen-reader-text\">Fehler richtig abgeschrieben<\/span> Weiterlesen &raquo;<\/a><\/p>\n","protected":false},"author":1,"featured_media":0,"comment_status":"open","ping_status":"open","sticky":false,"template":"","format":"standard","meta":{"ngg_post_thumbnail":0,"activitypub_content_warning":"","activitypub_content_visibility":"","activitypub_max_image_attachments":2,"activitypub_interaction_policy_quote":"anyone","activitypub_status":"","footnotes":""},"categories":[18,13],"tags":[34,23,59],"class_list":["post-7420","post","type-post","status-publish","format-standard","hentry","category-fraglich","category-verkehr","tag-kommunikation","tag-medien","tag-presse"],"share_on_mastodon":{"url":"","error":""},"_links":{"self":[{"href":"https:\/\/www.andreas-edler.de\/blog\/wp-json\/wp\/v2\/posts\/7420","targetHints":{"allow":["GET"]}}],"collection":[{"href":"https:\/\/www.andreas-edler.de\/blog\/wp-json\/wp\/v2\/posts"}],"about":[{"href":"https:\/\/www.andreas-edler.de\/blog\/wp-json\/wp\/v2\/types\/post"}],"author":[{"embeddable":true,"href":"https:\/\/www.andreas-edler.de\/blog\/wp-json\/wp\/v2\/users\/1"}],"replies":[{"embeddable":true,"href":"https:\/\/www.andreas-edler.de\/blog\/wp-json\/wp\/v2\/comments?post=7420"}],"version-history":[{"count":0,"href":"https:\/\/www.andreas-edler.de\/blog\/wp-json\/wp\/v2\/posts\/7420\/revisions"}],"wp:attachment":[{"href":"https:\/\/www.andreas-edler.de\/blog\/wp-json\/wp\/v2\/media?parent=7420"}],"wp:term":[{"taxonomy":"category","embeddable":true,"href":"https:\/\/www.andreas-edler.de\/blog\/wp-json\/wp\/v2\/categories?post=7420"},{"taxonomy":"post_tag","embeddable":true,"href":"https:\/\/www.andreas-edler.de\/blog\/wp-json\/wp\/v2\/tags?post=7420"}],"curies":[{"name":"wp","href":"https:\/\/api.w.org\/{rel}","templated":true}]}}