{"id":7271,"date":"2010-03-05T07:45:27","date_gmt":"2010-03-05T06:45:27","guid":{"rendered":"http:\/\/www.andreas-edler.de\/blog\/?p=7271"},"modified":"2023-09-22T15:40:48","modified_gmt":"2023-09-22T13:40:48","slug":"radweg-an-der-bachstrase","status":"publish","type":"post","link":"https:\/\/www.andreas-edler.de\/blog\/2010\/03\/radweg-an-der-bachstrase\/","title":{"rendered":"Radweg an der Bachstra\u00dfe?"},"content":{"rendered":"<p>So wird das nie was mit der Fahrradfreundlichkeit!<\/p>\n<p><cite>Neue Westf\u00e4lische: <strong>Schmuddeliger Radweg<\/strong><br \/>\n[&#8230;] F\u00fcr die zahlreichen Fu\u00dfg\u00e4nger und die Radfahrer ist der Radweg an der Bachstra\u00dfe in Oberbecksen Richtung Weserstra\u00dfe und Babbenhausener Stra\u00dfe eine echte Pr\u00fcfung [&#8230;]<\/cite> <\/p>\n<p>Zum Mitmei\u00dfeln: es gibt an der Bachstra\u00dfe in Oberbecksen keinen Radweg!<\/p>\n<p>Dort existiert ein viel zu breiter Gehweg, welcher ungl\u00fccklicherweise von der Stadt zur Benutzung durch Radfahrer frei gegeben wurde. Das ist ein himmelweiter Unterschied! Durch den \u00fcberbreiten Weg reduziert sich nat\u00fcrlich die Fahrbahnbreite &#8211; welche in einer 30er-Zone ganz selbstverst\u00e4ndlich und vorgeschriebenerma\u00dfen auch von Fahrr\u00e4dern benutzt werden mu\u00df. Statt nun die Autofahrer zu sensibilisieren, dass in dieser 30-Zone &#8211; die noch dazu eine Hauptschulwegader ist &#8211; bitte sinnig gefahren werden soll und 30 keine Empfehlung sondern ein Gebot ist, zw\u00e4ngt man die Radfahrer an der Stelle mittels dieses Konstrukts auf den vermeintlich sicheren abgetrennten Weg. Was dann passiert, zeigt der Artikel. Die Fahrbahn ist an der Stelle problemlos zu benutzen!<\/p>\n<p>Und die Neue-Westf\u00e4lische scheint sich f\u00fcr eine Recherche nicht zu interessieren. Hier wird munter Gehweg mit Radweg gleichgesetzt, &#8222;Benutzungspflicht&#8220; und &#8222;kann bzw. darf benutzen&#8220; vermengt und am Ende wundert man sich, warum niemand die Verkehrsregeln kennt. Das f\u00fchrt dann dazu, dass Radfahrer von den Fahrbahnen &#8211; auf die sie laut Stra\u00dfenverkehrsordnung geh\u00f6ren &#8211; weggehupt werden und die Akzeptanz f\u00fcr dieses umweltfreundliche Fortbewegungsmittel sinkt und nach mehr gef\u00e4hrlichen und nicht gepflegten Radwegen geschrien wird. An der Sicherheit \u00e4ndert sich <b>hierdurch<\/b> gar nichts!<\/p>\n","protected":false},"excerpt":{"rendered":"<p>So wird das nie was mit der Fahrradfreundlichkeit! Neue Westf\u00e4lische: Schmuddeliger Radweg [&#8230;] F\u00fcr die zahlreichen Fu\u00dfg\u00e4nger und die Radfahrer ist der Radweg an der Bachstra\u00dfe in Oberbecksen Richtung Weserstra\u00dfe und Babbenhausener Stra\u00dfe eine echte Pr\u00fcfung [&#8230;] Zum Mitmei\u00dfeln: es &hellip;<\/p>\n<p class=\"read-more\"> <a class=\"more-link\" href=\"https:\/\/www.andreas-edler.de\/blog\/2010\/03\/radweg-an-der-bachstrase\/\"> <span class=\"screen-reader-text\">Radweg an der Bachstra\u00dfe?<\/span> Weiterlesen &raquo;<\/a><\/p>\n","protected":false},"author":1,"featured_media":0,"comment_status":"open","ping_status":"open","sticky":false,"template":"","format":"standard","meta":{"ngg_post_thumbnail":0,"activitypub_content_warning":"","activitypub_content_visibility":"","activitypub_max_image_attachments":2,"activitypub_interaction_policy_quote":"anyone","activitypub_status":"","footnotes":""},"categories":[14,15],"tags":[335,481,110,271,251,34,59,207,474],"class_list":["post-7271","post","type-post","status-publish","format-standard","hentry","category-bad-oeynhausen","category-fahrrad","tag-bachstrasse","tag-benutzungspflicht","tag-fahrradfreundliche-stadt","tag-fahrradstrasse","tag-infrastruktur","tag-kommunikation","tag-presse","tag-radweg","tag-schulweg"],"share_on_mastodon":{"url":"","error":""},"_links":{"self":[{"href":"https:\/\/www.andreas-edler.de\/blog\/wp-json\/wp\/v2\/posts\/7271","targetHints":{"allow":["GET"]}}],"collection":[{"href":"https:\/\/www.andreas-edler.de\/blog\/wp-json\/wp\/v2\/posts"}],"about":[{"href":"https:\/\/www.andreas-edler.de\/blog\/wp-json\/wp\/v2\/types\/post"}],"author":[{"embeddable":true,"href":"https:\/\/www.andreas-edler.de\/blog\/wp-json\/wp\/v2\/users\/1"}],"replies":[{"embeddable":true,"href":"https:\/\/www.andreas-edler.de\/blog\/wp-json\/wp\/v2\/comments?post=7271"}],"version-history":[{"count":0,"href":"https:\/\/www.andreas-edler.de\/blog\/wp-json\/wp\/v2\/posts\/7271\/revisions"}],"wp:attachment":[{"href":"https:\/\/www.andreas-edler.de\/blog\/wp-json\/wp\/v2\/media?parent=7271"}],"wp:term":[{"taxonomy":"category","embeddable":true,"href":"https:\/\/www.andreas-edler.de\/blog\/wp-json\/wp\/v2\/categories?post=7271"},{"taxonomy":"post_tag","embeddable":true,"href":"https:\/\/www.andreas-edler.de\/blog\/wp-json\/wp\/v2\/tags?post=7271"}],"curies":[{"name":"wp","href":"https:\/\/api.w.org\/{rel}","templated":true}]}}