{"id":7248,"date":"2010-02-27T21:34:34","date_gmt":"2010-02-27T20:34:34","guid":{"rendered":"http:\/\/www.andreas-edler.de\/blog\/?p=7248"},"modified":"2010-02-28T21:51:51","modified_gmt":"2010-02-28T20:51:51","slug":"zeitsteuerung","status":"publish","type":"post","link":"https:\/\/www.andreas-edler.de\/blog\/2010\/02\/zeitsteuerung\/","title":{"rendered":"Zeitsteuerung"},"content":{"rendered":"<p>Ich glaube seit wir hier im Haus wohnen geht diese Zeitschaltuhr schon nicht richtig. Entweder deutlich zu schnell oder deutlich zu langsam &#8211; ich habe noch nicht daneben gestanden um es zu \u00fcberpr\u00fcfen. Allerdings muss ich regelm\u00e4\u00dfig die Uhr nachstellen. Ob ich mich da mal um Ersatz k\u00fcmmere? Der Austausch scheint nicht so schwierig zu sein. Paar Kabel ab- und anl\u00f6ten und das war&#8217;s. <\/p>\n<p style=\"text-align:center;\"><img decoding=\"async\" src=\"http:\/\/www.andreas-edler.de\/grafik\/blog_2010\/20100227_heizungssteuerung.jpg\" width=\"470\" border=\"0\" alt=\"\"><\/p>\n","protected":false},"excerpt":{"rendered":"<p>Ich glaube seit wir hier im Haus wohnen geht diese Zeitschaltuhr schon nicht richtig. Entweder deutlich zu schnell oder deutlich zu langsam &#8211; ich habe noch nicht daneben gestanden um es zu \u00fcberpr\u00fcfen. Allerdings muss ich regelm\u00e4\u00dfig die Uhr nachstellen. &hellip;<\/p>\n<p class=\"read-more\"> <a class=\"more-link\" href=\"https:\/\/www.andreas-edler.de\/blog\/2010\/02\/zeitsteuerung\/\"> <span class=\"screen-reader-text\">Zeitsteuerung<\/span> Weiterlesen &raquo;<\/a><\/p>\n","protected":false},"author":1,"featured_media":0,"comment_status":"open","ping_status":"open","sticky":false,"template":"","format":"standard","meta":{"ngg_post_thumbnail":0,"activitypub_content_warning":"","activitypub_content_visibility":"","activitypub_max_image_attachments":2,"activitypub_interaction_policy_quote":"anyone","activitypub_status":"","footnotes":""},"categories":[22],"tags":[38],"class_list":["post-7248","post","type-post","status-publish","format-standard","hentry","category-basteln","tag-haus"],"share_on_mastodon":{"url":"","error":""},"_links":{"self":[{"href":"https:\/\/www.andreas-edler.de\/blog\/wp-json\/wp\/v2\/posts\/7248","targetHints":{"allow":["GET"]}}],"collection":[{"href":"https:\/\/www.andreas-edler.de\/blog\/wp-json\/wp\/v2\/posts"}],"about":[{"href":"https:\/\/www.andreas-edler.de\/blog\/wp-json\/wp\/v2\/types\/post"}],"author":[{"embeddable":true,"href":"https:\/\/www.andreas-edler.de\/blog\/wp-json\/wp\/v2\/users\/1"}],"replies":[{"embeddable":true,"href":"https:\/\/www.andreas-edler.de\/blog\/wp-json\/wp\/v2\/comments?post=7248"}],"version-history":[{"count":0,"href":"https:\/\/www.andreas-edler.de\/blog\/wp-json\/wp\/v2\/posts\/7248\/revisions"}],"wp:attachment":[{"href":"https:\/\/www.andreas-edler.de\/blog\/wp-json\/wp\/v2\/media?parent=7248"}],"wp:term":[{"taxonomy":"category","embeddable":true,"href":"https:\/\/www.andreas-edler.de\/blog\/wp-json\/wp\/v2\/categories?post=7248"},{"taxonomy":"post_tag","embeddable":true,"href":"https:\/\/www.andreas-edler.de\/blog\/wp-json\/wp\/v2\/tags?post=7248"}],"curies":[{"name":"wp","href":"https:\/\/api.w.org\/{rel}","templated":true}]}}