{"id":7197,"date":"2010-02-18T22:23:55","date_gmt":"2010-02-18T21:23:55","guid":{"rendered":"http:\/\/www.andreas-edler.de\/blog\/?p=7197"},"modified":"2010-02-18T22:23:55","modified_gmt":"2010-02-18T21:23:55","slug":"wer-noch-was-gegen-die-fdp-suchte","status":"publish","type":"post","link":"https:\/\/www.andreas-edler.de\/blog\/2010\/02\/wer-noch-was-gegen-die-fdp-suchte\/","title":{"rendered":"Wer noch was gegen die FDP suchte &#8230;"},"content":{"rendered":"<p>&#8230; kann sich ja mal bei der EU umsehen: <cite>DWDL.de: <b><a href=\"http:\/\/www.dwdl.de\/story\/24816\/appzoff_soll_jetzt_auch_die_eu_beschftigen\/\">App-Zoff soll jetzt auch die EU besch\u00e4ftigen<\/a><\/b><br \/>\nDer Streit um das Internetangebot der &#8222;Tagesschau&#8220;, insbesondere die geplante App f\u00fcr das iPhone soll nun auch vor der EU ausgetragen werden. Silvana Koch-Mehrin hat sich laut einem Bericht bei der Kommission beschwert &#8230; In der Beschwerde hei\u00dft es der Zeitung zufolge, die ARD nutze &#8222;ihr staatlich garantiertes Recht auf ein hohes Geb\u00fchrenaufkommen aus, um sich gegen\u00fcber privaten Konkurrenten einen nicht gerechtfertigten Vorteil zu verschaffen&#8220; &#8230;<\/cite>Sie sagt ja wohl wenig, die Frau Koch-Mehrin, und das scheint gut zu sein. Denn wenn sie mal den Mund aufmacht, dann kommt so ein Bl\u00f6dsinn heraus wie in dieser Beschwerde. Sie ist da in guter Gesellschaft, denn<a href=\"http:\/\/www.andreas-edler.de\/blog\/2009\/12\/medienexperte\/\"> die Kollegen aus der Koalition haben \u00e4hnlich wenig auf der Pfanne<\/a>. Die Applikation kostet so gut wie nichts. <a href=\"http:\/\/www.andreas-edler.de\/blog\/2009\/12\/technologieneutral\/\">Interessant sind die Informationen, und wie man sich die auf einem Anzeigeger\u00e4t anzeigen l\u00e4sst, ist *wurstegal*.<\/a><\/p>\n<p>Und jetzt mit so einer Lapalie und Kindergartenpampe die EU zu besch\u00e4ftigen &#8211; alle Achtung liebe FDP, ihr wisst wie man Geld verbrennt!<\/p>\n","protected":false},"excerpt":{"rendered":"<p>&#8230; kann sich ja mal bei der EU umsehen: DWDL.de: App-Zoff soll jetzt auch die EU besch\u00e4ftigen Der Streit um das Internetangebot der &#8222;Tagesschau&#8220;, insbesondere die geplante App f\u00fcr das iPhone soll nun auch vor der EU ausgetragen werden. Silvana &hellip;<\/p>\n<p class=\"read-more\"> <a class=\"more-link\" href=\"https:\/\/www.andreas-edler.de\/blog\/2010\/02\/wer-noch-was-gegen-die-fdp-suchte\/\"> <span class=\"screen-reader-text\">Wer noch was gegen die FDP suchte &#8230;<\/span> Weiterlesen &raquo;<\/a><\/p>\n","protected":false},"author":1,"featured_media":0,"comment_status":"open","ping_status":"open","sticky":false,"template":"","format":"standard","meta":{"ngg_post_thumbnail":0,"activitypub_content_warning":"","activitypub_content_visibility":"","activitypub_max_image_attachments":2,"activitypub_interaction_policy_quote":"anyone","activitypub_status":"","footnotes":""},"categories":[45],"tags":[12,51,34,47],"class_list":["post-7197","post","type-post","status-publish","format-standard","hentry","category-politik","tag-fernsehen","tag-geld","tag-kommunikation","tag-programme"],"share_on_mastodon":{"url":"","error":""},"_links":{"self":[{"href":"https:\/\/www.andreas-edler.de\/blog\/wp-json\/wp\/v2\/posts\/7197","targetHints":{"allow":["GET"]}}],"collection":[{"href":"https:\/\/www.andreas-edler.de\/blog\/wp-json\/wp\/v2\/posts"}],"about":[{"href":"https:\/\/www.andreas-edler.de\/blog\/wp-json\/wp\/v2\/types\/post"}],"author":[{"embeddable":true,"href":"https:\/\/www.andreas-edler.de\/blog\/wp-json\/wp\/v2\/users\/1"}],"replies":[{"embeddable":true,"href":"https:\/\/www.andreas-edler.de\/blog\/wp-json\/wp\/v2\/comments?post=7197"}],"version-history":[{"count":0,"href":"https:\/\/www.andreas-edler.de\/blog\/wp-json\/wp\/v2\/posts\/7197\/revisions"}],"wp:attachment":[{"href":"https:\/\/www.andreas-edler.de\/blog\/wp-json\/wp\/v2\/media?parent=7197"}],"wp:term":[{"taxonomy":"category","embeddable":true,"href":"https:\/\/www.andreas-edler.de\/blog\/wp-json\/wp\/v2\/categories?post=7197"},{"taxonomy":"post_tag","embeddable":true,"href":"https:\/\/www.andreas-edler.de\/blog\/wp-json\/wp\/v2\/tags?post=7197"}],"curies":[{"name":"wp","href":"https:\/\/api.w.org\/{rel}","templated":true}]}}