{"id":7130,"date":"2010-02-13T17:00:34","date_gmt":"2010-02-13T16:00:34","guid":{"rendered":"http:\/\/www.andreas-edler.de\/blog\/?p=7130"},"modified":"2010-02-13T19:31:33","modified_gmt":"2010-02-13T18:31:33","slug":"filesharing-in-bayern-legalisiert","status":"publish","type":"post","link":"https:\/\/www.andreas-edler.de\/blog\/2010\/02\/filesharing-in-bayern-legalisiert\/","title":{"rendered":"Filesharing in Bayern legalisiert"},"content":{"rendered":"<p><cite>heise.de: <b><a href=\"http:\/\/www.heise.de\/newsticker\/meldung\/Justizministerin-Daten-kann-man-nicht-stehlen-929990.html\">Justizministerin: &#8222;Daten kann man nicht stehlen.&#8220;<\/a><\/b><br \/>\nIn die Diskussion um den umstrittenen Ankauf einer Daten-CD mit Bankdaten aus der Schweiz hat sich nun auch die bayrische Justizministerin Beate Merk (CSU) eingeschaltet &#8230; &#8222;Da Daten anders als Autos oder Handys keine Sachen sind, kann man sie nicht stehlen. Und wo es keine gestohlene Ware gibt, da gibt es auch keine Hehlerei.&#8220; &#8230;<\/cite> Prima! MP3s und XVIDs sind auch nur Daten. Also kann man die auch nicht rauben. Somit kann es auch keine Raubkopierer geben! Was die Rechteinhaber wohl zu dieser grandiosen Neuigkeit sagen? Vielen Dank liebe Frau Merk!<\/p>\n<p>Mu\u00df man eigentlich irgendeinen Test bestehen, um Justizministerin zu werden?<\/p>\n<p><em>Edit:<\/em><br \/>\nIch lese gerade, dass der Herr <a href=\"http:\/\/blog.fefe.de\/?ts=b5880e7c\">fefe<\/a> das etwas anders sieht. Nun, Madame erw\u00e4hnte aber ausdr\u00fccklich die Daten-CD als Beispiel und auf dieser sind selbstverst\u00e4ndlich auch nur <em>kopierte<\/em> Daten. Genauso wie bei Sharing. Nur reden sowohl die Rechteinhaber als auch die Justizministerin von &#8222;Raub&#8220; bzw. &#8222;Diebstahl&#8220;. Also kann man das durchaus so wie hier polemisieren!<\/p>\n","protected":false},"excerpt":{"rendered":"<p>heise.de: Justizministerin: &#8222;Daten kann man nicht stehlen.&#8220; In die Diskussion um den umstrittenen Ankauf einer Daten-CD mit Bankdaten aus der Schweiz hat sich nun auch die bayrische Justizministerin Beate Merk (CSU) eingeschaltet &#8230; &#8222;Da Daten anders als Autos oder Handys &hellip;<\/p>\n<p class=\"read-more\"> <a class=\"more-link\" href=\"https:\/\/www.andreas-edler.de\/blog\/2010\/02\/filesharing-in-bayern-legalisiert\/\"> <span class=\"screen-reader-text\">Filesharing in Bayern legalisiert<\/span> Weiterlesen &raquo;<\/a><\/p>\n","protected":false},"author":1,"featured_media":0,"comment_status":"open","ping_status":"open","sticky":false,"template":"","format":"standard","meta":{"ngg_post_thumbnail":0,"activitypub_content_warning":"","activitypub_content_visibility":"","activitypub_max_image_attachments":2,"activitypub_interaction_policy_quote":"anyone","activitypub_status":"","footnotes":""},"categories":[45],"tags":[29,73],"class_list":["post-7130","post","type-post","status-publish","format-standard","hentry","category-politik","tag-musik","tag-recht"],"share_on_mastodon":{"url":"","error":""},"_links":{"self":[{"href":"https:\/\/www.andreas-edler.de\/blog\/wp-json\/wp\/v2\/posts\/7130","targetHints":{"allow":["GET"]}}],"collection":[{"href":"https:\/\/www.andreas-edler.de\/blog\/wp-json\/wp\/v2\/posts"}],"about":[{"href":"https:\/\/www.andreas-edler.de\/blog\/wp-json\/wp\/v2\/types\/post"}],"author":[{"embeddable":true,"href":"https:\/\/www.andreas-edler.de\/blog\/wp-json\/wp\/v2\/users\/1"}],"replies":[{"embeddable":true,"href":"https:\/\/www.andreas-edler.de\/blog\/wp-json\/wp\/v2\/comments?post=7130"}],"version-history":[{"count":0,"href":"https:\/\/www.andreas-edler.de\/blog\/wp-json\/wp\/v2\/posts\/7130\/revisions"}],"wp:attachment":[{"href":"https:\/\/www.andreas-edler.de\/blog\/wp-json\/wp\/v2\/media?parent=7130"}],"wp:term":[{"taxonomy":"category","embeddable":true,"href":"https:\/\/www.andreas-edler.de\/blog\/wp-json\/wp\/v2\/categories?post=7130"},{"taxonomy":"post_tag","embeddable":true,"href":"https:\/\/www.andreas-edler.de\/blog\/wp-json\/wp\/v2\/tags?post=7130"}],"curies":[{"name":"wp","href":"https:\/\/api.w.org\/{rel}","templated":true}]}}