{"id":7106,"date":"2010-02-04T23:31:56","date_gmt":"2010-02-04T22:31:56","guid":{"rendered":"http:\/\/www.andreas-edler.de\/blog\/?p=7106"},"modified":"2011-02-09T17:02:52","modified_gmt":"2011-02-09T16:02:52","slug":"im-kreis","status":"publish","type":"post","link":"https:\/\/www.andreas-edler.de\/blog\/2010\/02\/im-kreis\/","title":{"rendered":"Im Kreis"},"content":{"rendered":"<p>In der letzten Stadtentwicklungsausschu\u00dfsitzung wurde nun der Umbau des &#8222;Werster Kreisel&#8220;s beschlossen. Die kleine Nase, die bisher die Einfahrt in die August-R\u00fcrup-Stra\u00dfe verhinderte, wird zur\u00fcck gebaut und der Zebrastreifen ca. 1 Meter weiter nach Westen (Richtung Ampel) versetzt.<\/p>\n<p>Kritikpunkt der Anlieger und Initiatoren der Aktion war, dass Ortsunkundige nicht auf die Schnelle erkennen k\u00f6nnen, wie sie die Parkpl\u00e4tze vor dem Harren-Hof bzw. hinter dem Geb\u00e4udekomplex an der H\u00e4ndelstra\u00dfe erreichen k\u00f6nnen. Dazu musste man den Umweg \u00fcber die &#8222;Gohfelder Poststra\u00dfe&#8220; und die &#8222;H\u00e4ndelstra\u00dfe&#8220; nehmen, was zwei Linksabbiegevorg\u00e4nge und die Beachtung von rechts-vor-links erforderte. <\/p>\n<p style=\"text-align: center; font-size: 70%;\"><a target=\"_new\" href=\"http:\/\/www.openstreetmap.org\/?lat=52.215385&#038;lon=8.780183&#038;zoom=18&#038;layers=B000FTF\"><img decoding=\"async\" src=\"http:\/\/www.andreas-edler.de\/grafik\/blog_2010\/20100206_werster_kreisel.png\" border=\"0\" alt=\"\" width=\"470\" \/><\/a><br \/>Bild: <a href=\"http:\/\/openstreetmap.org\">Open-Streetmap<\/a><\/p>\n<p> Sowohl Stra\u00dfen-NRW als auch die Verwaltung bekundeten laut Vorlage, dass die Verkehrsituation sich an der Stelle mit dem Kreisel in der aktuellen Form deutlich entspannt und verbessert hat.<\/p>\n<p>Was \u00e4ndert sich nun nach dem Umbau? Man wird immer noch nicht aus Richtung Osten kommend (vom WEZ her) nach links in die August-R\u00fcrup-Stra\u00dfe abbiegen k\u00f6nnen. Man wird immer noch nicht aus Norden kommend von der Ringstra\u00dfe aus die Werster Stra\u00dfe queren und in die August-R\u00fcrup-Stra\u00dfe einfahren k\u00f6nnen. Man wird aber aus Richtung Westen kommend (von L\u00f6hne her) nach rechts in die August-R\u00fcrup-Stra\u00dfe abbiegen k\u00f6nnen. Einige jedenfalls, denn die Einfahrt wird schmal werden. Die Verwaltung bemerkte in der Sitzung, dass z.B. &#8222;Sprinter&#8220;-Fahrer Probleme bekommen k\u00f6nnten, da es aufgrund des engen Kurvenradius und der Mittelinsel beengt zugeht. Das bedeutet, dass z.B. ich dort nicht abbiegen kann &#8211; der Wendekreis meines Volvo ist gr\u00f6\u00dfer, als der eines handels\u00fcblichen Kleintransporters ;-) Mir pers\u00f6nlich macht das auch nicht viel, ich bin h\u00f6chst selten dort entlang gefahren, sondern habe schon immer den &#8222;Umweg&#8220; \u00fcber die Gohfelder Poststra\u00dfe genommen. Auch als ich 3 Jahre genau in der Ecke gearbeitet (und geparkt) habe. Ist einfach viel bequemer.<\/p>\n<p>Vorteile haben also alle ortsunkundigen Anlieger der August-R\u00fcrup-Stra\u00dfe, sofern sie zuf\u00e4llig aus Westen kommen.<\/p>\n<p>Daf\u00fcr kostet der Umbau mit voraussichtlich 22.000 Euro aber auch nicht viel. Naja, ungef\u00e4hr soviel, wie die Erh\u00f6hung der Fraktionsgelder (in 5 Jahren), die aufgrund der erh\u00f6hten Fraktionenzahl im Rat enstanden sind und die massiv kritisiert wurde &#8230;<\/p>\n","protected":false},"excerpt":{"rendered":"<p>In der letzten Stadtentwicklungsausschu\u00dfsitzung wurde nun der Umbau des &#8222;Werster Kreisel&#8220;s beschlossen. Die kleine Nase, die bisher die Einfahrt in die August-R\u00fcrup-Stra\u00dfe verhinderte, wird zur\u00fcck gebaut und der Zebrastreifen ca. 1 Meter weiter nach Westen (Richtung Ampel) versetzt. Kritikpunkt der &hellip;<\/p>\n<p class=\"read-more\"> <a class=\"more-link\" href=\"https:\/\/www.andreas-edler.de\/blog\/2010\/02\/im-kreis\/\"> <span class=\"screen-reader-text\">Im Kreis<\/span> Weiterlesen &raquo;<\/a><\/p>\n","protected":false},"author":1,"featured_media":0,"comment_status":"open","ping_status":"open","sticky":false,"template":"","format":"standard","meta":{"ngg_post_thumbnail":0,"activitypub_content_warning":"","activitypub_content_visibility":"","activitypub_max_image_attachments":2,"activitypub_interaction_policy_quote":"anyone","activitypub_status":"","footnotes":""},"categories":[14,13],"tags":[77,72],"class_list":["post-7106","post","type-post","status-publish","format-standard","hentry","category-bad-oeynhausen","category-verkehr","tag-stadtrat","tag-verwaltung"],"share_on_mastodon":{"url":"","error":""},"_links":{"self":[{"href":"https:\/\/www.andreas-edler.de\/blog\/wp-json\/wp\/v2\/posts\/7106","targetHints":{"allow":["GET"]}}],"collection":[{"href":"https:\/\/www.andreas-edler.de\/blog\/wp-json\/wp\/v2\/posts"}],"about":[{"href":"https:\/\/www.andreas-edler.de\/blog\/wp-json\/wp\/v2\/types\/post"}],"author":[{"embeddable":true,"href":"https:\/\/www.andreas-edler.de\/blog\/wp-json\/wp\/v2\/users\/1"}],"replies":[{"embeddable":true,"href":"https:\/\/www.andreas-edler.de\/blog\/wp-json\/wp\/v2\/comments?post=7106"}],"version-history":[{"count":0,"href":"https:\/\/www.andreas-edler.de\/blog\/wp-json\/wp\/v2\/posts\/7106\/revisions"}],"wp:attachment":[{"href":"https:\/\/www.andreas-edler.de\/blog\/wp-json\/wp\/v2\/media?parent=7106"}],"wp:term":[{"taxonomy":"category","embeddable":true,"href":"https:\/\/www.andreas-edler.de\/blog\/wp-json\/wp\/v2\/categories?post=7106"},{"taxonomy":"post_tag","embeddable":true,"href":"https:\/\/www.andreas-edler.de\/blog\/wp-json\/wp\/v2\/tags?post=7106"}],"curies":[{"name":"wp","href":"https:\/\/api.w.org\/{rel}","templated":true}]}}