{"id":71057,"date":"2014-04-26T23:06:47","date_gmt":"2014-04-26T21:06:47","guid":{"rendered":"http:\/\/www.andreas-edler.de\/blog\/?p=71057"},"modified":"2014-04-26T23:06:47","modified_gmt":"2014-04-26T21:06:47","slug":"angefangen","status":"publish","type":"post","link":"https:\/\/www.andreas-edler.de\/blog\/2014\/04\/angefangen\/","title":{"rendered":"Angefangen"},"content":{"rendered":"<p>Wir haben dann heute zum ersten Mal f\u00fcr die Kommunalwahl 2014 unseren Infostand am <s>Schweine<\/s> S\u00fcltemeyer-Brunnen aufgebaut. Der 5. Samstag vor der Wahl, vier weitere Folgen. Heute waren wir auch noch allein in der Innenstadt, andere Parteien haben wir nicht gesehen. <\/p>\n<p style=\"text-align:center;font-size: smaller;\"><img decoding=\"async\" src=\"http:\/\/www.andreas-edler.de\/grafik\/blog_2014\/20140426_infostand.jpg\" width=\"470\" border=\"0\" alt=\"\" title=\"\"><\/p>\n<p><!--more--> \u00dcberm\u00e4\u00dfig viele Besucher konnten wir leider ebenfalls nicht begr\u00fc\u00dfen. Zum einen laufen wir nicht rum und holen Leute an den Stand &#8211; mindestens mir liegt sowas auch gar nicht &#8211; zum anderen war einfach ganz sch\u00f6n wenig los. Ich vermute, es sind noch viele im Osterurlaub. Bin gespannt, wie es n\u00e4chsten Samstag wird.<\/p>\n","protected":false},"excerpt":{"rendered":"<p>Wir haben dann heute zum ersten Mal f\u00fcr die Kommunalwahl 2014 unseren Infostand am Schweine S\u00fcltemeyer-Brunnen aufgebaut. Der 5. Samstag vor der Wahl, vier weitere Folgen. Heute waren wir auch noch allein in der Innenstadt, andere Parteien haben wir nicht &hellip;<\/p>\n<p class=\"read-more\"> <a class=\"more-link\" href=\"https:\/\/www.andreas-edler.de\/blog\/2014\/04\/angefangen\/\"> <span class=\"screen-reader-text\">Angefangen<\/span> Weiterlesen &raquo;<\/a><\/p>\n","protected":false},"author":1,"featured_media":0,"comment_status":"open","ping_status":"open","sticky":false,"template":"","format":"standard","meta":{"ngg_post_thumbnail":0,"activitypub_content_warning":"","activitypub_content_visibility":"","activitypub_max_image_attachments":2,"activitypub_interaction_policy_quote":"anyone","activitypub_status":"","footnotes":""},"categories":[14,45],"tags":[75,177],"class_list":["post-71057","post","type-post","status-publish","format-standard","hentry","category-bad-oeynhausen","category-politik","tag-grun","tag-wahlkampf"],"share_on_mastodon":{"url":"","error":""},"_links":{"self":[{"href":"https:\/\/www.andreas-edler.de\/blog\/wp-json\/wp\/v2\/posts\/71057","targetHints":{"allow":["GET"]}}],"collection":[{"href":"https:\/\/www.andreas-edler.de\/blog\/wp-json\/wp\/v2\/posts"}],"about":[{"href":"https:\/\/www.andreas-edler.de\/blog\/wp-json\/wp\/v2\/types\/post"}],"author":[{"embeddable":true,"href":"https:\/\/www.andreas-edler.de\/blog\/wp-json\/wp\/v2\/users\/1"}],"replies":[{"embeddable":true,"href":"https:\/\/www.andreas-edler.de\/blog\/wp-json\/wp\/v2\/comments?post=71057"}],"version-history":[{"count":0,"href":"https:\/\/www.andreas-edler.de\/blog\/wp-json\/wp\/v2\/posts\/71057\/revisions"}],"wp:attachment":[{"href":"https:\/\/www.andreas-edler.de\/blog\/wp-json\/wp\/v2\/media?parent=71057"}],"wp:term":[{"taxonomy":"category","embeddable":true,"href":"https:\/\/www.andreas-edler.de\/blog\/wp-json\/wp\/v2\/categories?post=71057"},{"taxonomy":"post_tag","embeddable":true,"href":"https:\/\/www.andreas-edler.de\/blog\/wp-json\/wp\/v2\/tags?post=71057"}],"curies":[{"name":"wp","href":"https:\/\/api.w.org\/{rel}","templated":true}]}}