{"id":7062,"date":"2010-01-10T22:24:00","date_gmt":"2010-01-10T21:24:00","guid":{"rendered":"http:\/\/www.andreas-edler.de\/blog\/2010\/01\/sonntag-im-schnee\/"},"modified":"2013-11-02T14:58:29","modified_gmt":"2013-11-02T13:58:29","slug":"sonntag-im-schnee","status":"publish","type":"post","link":"https:\/\/www.andreas-edler.de\/blog\/2010\/01\/sonntag-im-schnee\/","title":{"rendered":"Sonntag im Schnee"},"content":{"rendered":"<p>Die \u00dcberschrift stimmt nicht so ganz, weil ich fast den ganzen Tag am Rechner gesessen haben und an einem Auftrag gebastelt habe. Ohne dass ich dazu im Moment so richtig Lust dazu h\u00e4tte, aber es hat trotzdem fast alles geklappt, was ich vorhatte. Zwischendurch bin ich dann doch mal vor die T\u00fcr gegangen und habe nach unseren fahrbaren Unters\u00e4tzen geguckt. <\/p>\n<p style=\"text-align:center;\"><img decoding=\"async\" src=\"http:\/\/www.andreas-edler.de\/grafik\/blog_2010\/20100110_schneeverwehungen.jpg\" width=\"470\" border=\"0\" alt=\"\"><\/p>\n<p> Alles komplett zugeschneit und -geweht. Damit war kein Fortkommen mehr. Also haben wir uns die Zeit anderweitig vertrieben. Sehr zum Vergn\u00fcgen des Nachwuchs. <\/p>\n<p style=\"text-align:center;\"><img decoding=\"async\" src=\"http:\/\/www.andreas-edler.de\/grafik\/blog_2010\/20100110_schneeballschlacht.jpg\" width=\"470\" border=\"0\" alt=\"\"><\/p>\n<p> Trotz dicker Handschuhe wurde mir das aber schon zu kalt und ich bin wieder an die Arbeit gegangen. Irgendwie ein ziemlich doofes Wochenende. So richtig erholt habe ich mich nicht &#8211; und dabei w\u00e4re es genau das richtige Wetter dazu gewesen.<\/p>\n","protected":false},"excerpt":{"rendered":"<p>Die \u00dcberschrift stimmt nicht so ganz, weil ich fast den ganzen Tag am Rechner gesessen haben und an einem Auftrag gebastelt habe. Ohne dass ich dazu im Moment so richtig Lust dazu h\u00e4tte, aber es hat trotzdem fast alles geklappt, &hellip;<\/p>\n<p class=\"read-more\"> <a class=\"more-link\" href=\"https:\/\/www.andreas-edler.de\/blog\/2010\/01\/sonntag-im-schnee\/\"> <span class=\"screen-reader-text\">Sonntag im Schnee<\/span> Weiterlesen &raquo;<\/a><\/p>\n","protected":false},"author":1,"featured_media":0,"comment_status":"open","ping_status":"open","sticky":false,"template":"","format":"standard","meta":{"ngg_post_thumbnail":0,"activitypub_content_warning":"","activitypub_content_visibility":"","activitypub_max_image_attachments":2,"activitypub_interaction_policy_quote":"anyone","activitypub_status":"","footnotes":""},"categories":[1],"tags":[48,30,53],"class_list":["post-7062","post","type-post","status-publish","format-standard","hentry","category-allgemein","tag-arbeit","tag-spielen","tag-wetter"],"share_on_mastodon":{"url":"","error":""},"_links":{"self":[{"href":"https:\/\/www.andreas-edler.de\/blog\/wp-json\/wp\/v2\/posts\/7062","targetHints":{"allow":["GET"]}}],"collection":[{"href":"https:\/\/www.andreas-edler.de\/blog\/wp-json\/wp\/v2\/posts"}],"about":[{"href":"https:\/\/www.andreas-edler.de\/blog\/wp-json\/wp\/v2\/types\/post"}],"author":[{"embeddable":true,"href":"https:\/\/www.andreas-edler.de\/blog\/wp-json\/wp\/v2\/users\/1"}],"replies":[{"embeddable":true,"href":"https:\/\/www.andreas-edler.de\/blog\/wp-json\/wp\/v2\/comments?post=7062"}],"version-history":[{"count":0,"href":"https:\/\/www.andreas-edler.de\/blog\/wp-json\/wp\/v2\/posts\/7062\/revisions"}],"wp:attachment":[{"href":"https:\/\/www.andreas-edler.de\/blog\/wp-json\/wp\/v2\/media?parent=7062"}],"wp:term":[{"taxonomy":"category","embeddable":true,"href":"https:\/\/www.andreas-edler.de\/blog\/wp-json\/wp\/v2\/categories?post=7062"},{"taxonomy":"post_tag","embeddable":true,"href":"https:\/\/www.andreas-edler.de\/blog\/wp-json\/wp\/v2\/tags?post=7062"}],"curies":[{"name":"wp","href":"https:\/\/api.w.org\/{rel}","templated":true}]}}