{"id":7057,"date":"2010-01-05T17:11:00","date_gmt":"2010-01-05T16:11:00","guid":{"rendered":"http:\/\/www.andreas-edler.de\/blog\/2010\/01\/wo-bleibt-der-raumdienst-in-bad-oeynhausen\/"},"modified":"2021-02-20T10:28:04","modified_gmt":"2021-02-20T09:28:04","slug":"wo-bleibt-der-rumdienst-in-bad-oeynhausen","status":"publish","type":"post","link":"https:\/\/www.andreas-edler.de\/blog\/2010\/01\/wo-bleibt-der-rumdienst-in-bad-oeynhausen\/","title":{"rendered":"Wo bleibt der R\u00e4umdienst in Bad Oeynhausen?"},"content":{"rendered":"<p>In Bad Oeynhausen hat es geschneit! Und das nicht nur vereinzelt, sondern richtig doll. So wie wir es schon lange nicht mehr hatten &#8211; und vor allen Dingen \u00fcberall. Unser Rasen ist unter der schneewei\u00dfen Pracht verborgen, die Einfahrt, der Wendehammer und nat\u00fcrlich auch alle Stra\u00dfen. Ich finde das ja toll, so eine festgefahrene Schneedecke. Winterreifen und dann j\u00f6 (owl-isch f\u00fcr &#8222;los&#8220;). Selbst als ich neulich nachts mal raus musste und es wirklich stundenlang ordentlich runter gekommen ist, hatte ich keine Probleme, durch die 10 bis 15 Zentimeter Neuschnee zu fahren.<\/p>\n<div class=\"bild\"><img decoding=\"async\" src=\"http:\/\/www.andreas-edler.de\/grafik\/blog_2010\/20100105_werrepark_mindener.jpg\" width=\"250\" border=\"0\" alt=\"\" title=\"\"><\/div>\n<p> Bl\u00f6d ist nur, dass das nicht allen so geht. Etliche Verkehrsteilnehmer fahren bei diesen Verh\u00e4ltnissen aus Angst, \u00fcbertriebener Vorsicht, Unverm\u00f6gen oder Dusseligkeit mit Schritttempo durch die Gegend. Ich habe im \u00fcbrigen die Vermutung, dass das exakt die Leute sind, die ansonsten innerorts mit 70 durch die Gegend preschen. Aber sei&#8217;s drum, dieses Getr\u00f6del ist ebenso gef\u00e4hrlich wie \u00fcberh\u00f6hte Geschwindigkeit. F\u00fcr mich nicht, weil ich ganz entspannt dahinter bleibe, aber es gibt Zeitgenossen, die dann anfangen zu dr\u00e4ngeln oder gar \u00fcberholen. Und dann knallt&#8217;s.<\/p>\n<p>Und nun kommt das, was ich eigentlich sagen wollte: das mu\u00df so nicht sein! Denn es gibt ja einen Winterdienst, der die Stra\u00dfen ansatzweise befahrbar machen k\u00f6nnte. Leider ist es mir in den letzten Tagen trotz kreuz und quer durch Bad Oeynhausen fahren nicht deutlich geworden, wo unsere f\u00fcr den Winterdienst zust\u00e4ndigen Stadtwerke zusammenh\u00e4ngend t\u00e4tig geworden sind. Einige Gehwege sind ger\u00e4umt worden, aber s\u00e4mtliche Seitenstra\u00dfen sind dick mit Schnee bzw. inzwischen Eis bedeckt. Ich wurde inzwischen auch schon von etlichen Kollegen und Bekannten darauf angesprochen &#8222;Ey, Du bist doch jetzt im Stadtrat&#8220; ;-) &#8211; diesen R\u00e4umstau richtig verstehen tut niemand.<\/p>\n<p>Im letzten Jahr gab es schon einen Hick-Hack um die Verantwortlichkeiten und die zu r\u00e4umenden Stra\u00dfen, anscheinend hat daraus niemand gelernt. Bis auf Mindener-, Eidinghausener- und Steinstra\u00dfe scheint der R\u00e4umdienst nicht zu arbeiten. In der Innenstadt auf Dr. Neuh\u00e4usser-, Bahnhof- oder Portastra\u00dfe ist eine rutschige Schneeschlammschicht. Gerade hier im Innenstadtbereich vor der Post halten st\u00e4ndig Autos, steigen B\u00fcrger ein und aus, queren die Stra\u00dfen und es passiert nichts, um dies sauberen Fu\u00dfes und gefahrlos zu bewerkstelligen.<\/p>\n<div class=\"bild\"><img decoding=\"async\" src=\"http:\/\/www.andreas-edler.de\/grafik\/blog_2010\/20100105_werrepark_dehmer.jpg\" width=\"250\" border=\"0\" alt=\"\" title=\"\"><\/div>\n<p> Die Klosterstra\u00dfe ist ein einziger Matsch. So lockt man niemanden zum Einkaufen in die Stadt &#8211; ein Armutszeugnis. <!-- Die Fl\u00e4che rund um den Werrepark ist fl\u00e4chenm\u00e4\u00dfig wohl ebensogro\u00df wie die innere Fu\u00dfg\u00e4ngerzone, nur die ist freigehalten! --> Und selbst dort, wo geschoben wird, geschieht dies mit wenig Elan. Die von mir benutzten Radwege w\u00e4ren unger\u00e4umt besser befahrbar gewesen. Teilweise ist der Schieber im Slalom um die schick mitten auf den Geh-\/Radwegen platzierten Lampen gefahren. Und wo das nicht mehr ging &#8211; so z.B. an der Mindener Stra\u00dfe &#8211; wurde der Gehweg f\u00fcr ein paar Meter eben auf die Fahrbahn &#8222;verlegt&#8220;. An Querungsinseln gelangt man als Fu\u00dfg\u00e4nger nicht zu den Anforderungskn\u00f6pfen &#8211; wozu auch, sind ja sowieso defekt &#8211; und falls auf der Fahrbahn dann doch mal ein Schieber entlang fuhr, hat dieser an Ampelquerungen garantiert einen h\u00fcbsch dreckigen Schneewall aufget\u00fcrmt, durch den man sich als Fu\u00dfg\u00e4nger\/Radfahrer erst durchk\u00e4mpfen mu\u00df.<\/p>\n<p>Bei allem Verst\u00e4ndnis daf\u00fcr, dass ein vern\u00fcnftiges R\u00e4umen zeit- und arbeitsintensiv ist, in der Innenstadt, in der Fu\u00dfg\u00e4ngerzone und an den Hauptverkehrsadern sollte das ordentlich gemacht werden. Ich bin gar nicht so erpicht auf sichtbaren Asphalt in jeder Nebenstra\u00dfe, aber es passiert irgendwie gar nichts! Ich habe in den letzten zwei Wochen einmal einen R\u00e4umwagen auf einem Gehweg in Aktion gesehen und einen Schneepflug durch den D\u00f6rgen preschen sehen &#8211; mit hochgehobenem Schild und ohne eingeschaltetes Streuwerk. Das war&#8217;s. Wie gesagt, Kollegen und Bekannten geht es genauso. Da kann man sich dann auch nicht mehr mit Einzelf\u00e4llen rausreden.<\/p>\n","protected":false},"excerpt":{"rendered":"<p>In Bad Oeynhausen hat es geschneit! Und das nicht nur vereinzelt, sondern richtig doll. So wie wir es schon lange nicht mehr hatten &#8211; und vor allen Dingen \u00fcberall. Unser Rasen ist unter der schneewei\u00dfen Pracht verborgen, die Einfahrt, der &hellip;<\/p>\n<p class=\"read-more\"> <a class=\"more-link\" href=\"https:\/\/www.andreas-edler.de\/blog\/2010\/01\/wo-bleibt-der-rumdienst-in-bad-oeynhausen\/\"> <span class=\"screen-reader-text\">Wo bleibt der R\u00e4umdienst in Bad Oeynhausen?<\/span> Weiterlesen &raquo;<\/a><\/p>\n","protected":false},"author":1,"featured_media":0,"comment_status":"open","ping_status":"open","sticky":false,"template":"","format":"standard","meta":{"ngg_post_thumbnail":0,"activitypub_content_warning":"","activitypub_content_visibility":"","activitypub_max_image_attachments":2,"activitypub_interaction_policy_quote":"anyone","activitypub_status":"","footnotes":""},"categories":[14,15,45,13],"tags":[339,270,33,76,79,234],"class_list":["post-7057","post","type-post","status-publish","format-standard","hentry","category-bad-oeynhausen","category-fahrrad","category-politik","category-verkehr","tag-dehmer-strasse","tag-mindener-strasse","tag-service","tag-sicherheit","tag-stadtwerke","tag-winterdienst"],"share_on_mastodon":{"url":"","error":""},"_links":{"self":[{"href":"https:\/\/www.andreas-edler.de\/blog\/wp-json\/wp\/v2\/posts\/7057","targetHints":{"allow":["GET"]}}],"collection":[{"href":"https:\/\/www.andreas-edler.de\/blog\/wp-json\/wp\/v2\/posts"}],"about":[{"href":"https:\/\/www.andreas-edler.de\/blog\/wp-json\/wp\/v2\/types\/post"}],"author":[{"embeddable":true,"href":"https:\/\/www.andreas-edler.de\/blog\/wp-json\/wp\/v2\/users\/1"}],"replies":[{"embeddable":true,"href":"https:\/\/www.andreas-edler.de\/blog\/wp-json\/wp\/v2\/comments?post=7057"}],"version-history":[{"count":0,"href":"https:\/\/www.andreas-edler.de\/blog\/wp-json\/wp\/v2\/posts\/7057\/revisions"}],"wp:attachment":[{"href":"https:\/\/www.andreas-edler.de\/blog\/wp-json\/wp\/v2\/media?parent=7057"}],"wp:term":[{"taxonomy":"category","embeddable":true,"href":"https:\/\/www.andreas-edler.de\/blog\/wp-json\/wp\/v2\/categories?post=7057"},{"taxonomy":"post_tag","embeddable":true,"href":"https:\/\/www.andreas-edler.de\/blog\/wp-json\/wp\/v2\/tags?post=7057"}],"curies":[{"name":"wp","href":"https:\/\/api.w.org\/{rel}","templated":true}]}}