{"id":7044,"date":"2009-12-29T22:36:00","date_gmt":"2009-12-29T21:36:00","guid":{"rendered":"http:\/\/www.andreas-edler.de\/blog\/2009\/12\/der-tod-ist-viel-zu-schade\/"},"modified":"2009-12-29T22:36:00","modified_gmt":"2009-12-29T21:36:00","slug":"der-tod-ist-viel-zu-schade","status":"publish","type":"post","link":"https:\/\/www.andreas-edler.de\/blog\/2009\/12\/der-tod-ist-viel-zu-schade\/","title":{"rendered":"Der Tod ist viel zu schade"},"content":{"rendered":"<p>Erst hatte ich hier was von &#8222;Arschloch&#8220; stehen, aber das ist nicht so die Ausdrucksweise, derer ich mich \u00fcblicherweise bediene. Zumindest nicht \u00f6ffentlich. Auch wenn es in diesem Fall mehr als angemessen ist. <cite>focus.de: <b><a href=\"http:\/\/www.focus.de\/panorama\/welt\/absichtliche-geisterfahrt-selbstmoerder-reisst-familienvater-mit-in-den-tod-_aid_466700.html\">Selbstm\u00f6rder rei\u00dft Familienvater mit in den Tod<\/a><\/b><br \/>&#8230; Ein Selbstm\u00f6rder hat als Geisterfahrer auf einer Autobahn in Schwaben bewusst einen schweren Unfall verursacht und einen Familienvater mit in den Tod gerissen &#8230;<\/cite> Ich kann gar nicht sagen, wie sehr ich solche Menschen verachte! Was dachte sich der Geisterfahrer? Nichts wahrscheinlich. Es ist traurig, es macht mich w\u00fctend und hilflos. Wie soll man sich vor soetwas sch\u00fctzen?<\/p>\n","protected":false},"excerpt":{"rendered":"<p>Erst hatte ich hier was von &#8222;Arschloch&#8220; stehen, aber das ist nicht so die Ausdrucksweise, derer ich mich \u00fcblicherweise bediene. Zumindest nicht \u00f6ffentlich. Auch wenn es in diesem Fall mehr als angemessen ist. focus.de: Selbstm\u00f6rder rei\u00dft Familienvater mit in den &hellip;<\/p>\n<p class=\"read-more\"> <a class=\"more-link\" href=\"https:\/\/www.andreas-edler.de\/blog\/2009\/12\/der-tod-ist-viel-zu-schade\/\"> <span class=\"screen-reader-text\">Der Tod ist viel zu schade<\/span> Weiterlesen &raquo;<\/a><\/p>\n","protected":false},"author":1,"featured_media":0,"comment_status":"open","ping_status":"open","sticky":false,"template":"","format":"standard","meta":{"ngg_post_thumbnail":0,"activitypub_content_warning":"","activitypub_content_visibility":"","activitypub_max_image_attachments":2,"activitypub_interaction_policy_quote":"anyone","activitypub_status":"","footnotes":""},"categories":[13],"tags":[19],"class_list":["post-7044","post","type-post","status-publish","format-standard","hentry","category-verkehr","tag-tagesgeschehen"],"share_on_mastodon":{"url":"","error":""},"_links":{"self":[{"href":"https:\/\/www.andreas-edler.de\/blog\/wp-json\/wp\/v2\/posts\/7044","targetHints":{"allow":["GET"]}}],"collection":[{"href":"https:\/\/www.andreas-edler.de\/blog\/wp-json\/wp\/v2\/posts"}],"about":[{"href":"https:\/\/www.andreas-edler.de\/blog\/wp-json\/wp\/v2\/types\/post"}],"author":[{"embeddable":true,"href":"https:\/\/www.andreas-edler.de\/blog\/wp-json\/wp\/v2\/users\/1"}],"replies":[{"embeddable":true,"href":"https:\/\/www.andreas-edler.de\/blog\/wp-json\/wp\/v2\/comments?post=7044"}],"version-history":[{"count":0,"href":"https:\/\/www.andreas-edler.de\/blog\/wp-json\/wp\/v2\/posts\/7044\/revisions"}],"wp:attachment":[{"href":"https:\/\/www.andreas-edler.de\/blog\/wp-json\/wp\/v2\/media?parent=7044"}],"wp:term":[{"taxonomy":"category","embeddable":true,"href":"https:\/\/www.andreas-edler.de\/blog\/wp-json\/wp\/v2\/categories?post=7044"},{"taxonomy":"post_tag","embeddable":true,"href":"https:\/\/www.andreas-edler.de\/blog\/wp-json\/wp\/v2\/tags?post=7044"}],"curies":[{"name":"wp","href":"https:\/\/api.w.org\/{rel}","templated":true}]}}