{"id":7032,"date":"2009-12-18T17:28:00","date_gmt":"2009-12-18T16:28:00","guid":{"rendered":"http:\/\/www.andreas-edler.de\/blog\/2009\/12\/winterverkehr\/"},"modified":"2009-12-18T17:28:00","modified_gmt":"2009-12-18T16:28:00","slug":"winterverkehr","status":"publish","type":"post","link":"https:\/\/www.andreas-edler.de\/blog\/2009\/12\/winterverkehr\/","title":{"rendered":"Winterverkehr"},"content":{"rendered":"<p>Der Winter ist wieder mal v\u00f6llig \u00fcberraschend im Dezember \u00fcber Deutschland hereingebrochen und niemand ist vorbereitet. Im wesentliche \u00e4ndert sich durch das bisschen Schnee aber irgendwie nichts. Man mu\u00df nur etwas vorsichtiger fahren. Angesichts der Panik, die manche Menschen ab Oktober mit ihren Winterreifen verbreiten, kann ich nicht verstehen, dass derart auf den Stra\u00dfen rumgeeiert wird. Die sollten doch nun vorbereitet sein. Ich bin einfach mit dem Rad gefahren. Ist bequemer, als hinter den anderen im Schritttempo hinter her zu schleichen. <\/p>\n<p style=\"text-align:center;\"><img decoding=\"async\" src=\"http:\/\/www.andreas-edler.de\/grafik\/blog_2009\/20091218_rad_im_schnee.jpg\" width=\"470\" border=\"0\" alt=\"\" title=\"\"><\/p>\n","protected":false},"excerpt":{"rendered":"<p>Der Winter ist wieder mal v\u00f6llig \u00fcberraschend im Dezember \u00fcber Deutschland hereingebrochen und niemand ist vorbereitet. Im wesentliche \u00e4ndert sich durch das bisschen Schnee aber irgendwie nichts. Man mu\u00df nur etwas vorsichtiger fahren. Angesichts der Panik, die manche Menschen ab &hellip;<\/p>\n<p class=\"read-more\"> <a class=\"more-link\" href=\"https:\/\/www.andreas-edler.de\/blog\/2009\/12\/winterverkehr\/\"> <span class=\"screen-reader-text\">Winterverkehr<\/span> Weiterlesen &raquo;<\/a><\/p>\n","protected":false},"author":1,"featured_media":0,"comment_status":"open","ping_status":"open","sticky":false,"template":"","format":"standard","meta":{"ngg_post_thumbnail":0,"activitypub_content_warning":"","activitypub_content_visibility":"","activitypub_max_image_attachments":2,"activitypub_interaction_policy_quote":"anyone","activitypub_status":"","footnotes":""},"categories":[15,13],"tags":[37,53],"class_list":["post-7032","post","type-post","status-publish","format-standard","hentry","category-fahrrad","category-verkehr","tag-auto","tag-wetter"],"share_on_mastodon":{"url":"","error":""},"_links":{"self":[{"href":"https:\/\/www.andreas-edler.de\/blog\/wp-json\/wp\/v2\/posts\/7032","targetHints":{"allow":["GET"]}}],"collection":[{"href":"https:\/\/www.andreas-edler.de\/blog\/wp-json\/wp\/v2\/posts"}],"about":[{"href":"https:\/\/www.andreas-edler.de\/blog\/wp-json\/wp\/v2\/types\/post"}],"author":[{"embeddable":true,"href":"https:\/\/www.andreas-edler.de\/blog\/wp-json\/wp\/v2\/users\/1"}],"replies":[{"embeddable":true,"href":"https:\/\/www.andreas-edler.de\/blog\/wp-json\/wp\/v2\/comments?post=7032"}],"version-history":[{"count":0,"href":"https:\/\/www.andreas-edler.de\/blog\/wp-json\/wp\/v2\/posts\/7032\/revisions"}],"wp:attachment":[{"href":"https:\/\/www.andreas-edler.de\/blog\/wp-json\/wp\/v2\/media?parent=7032"}],"wp:term":[{"taxonomy":"category","embeddable":true,"href":"https:\/\/www.andreas-edler.de\/blog\/wp-json\/wp\/v2\/categories?post=7032"},{"taxonomy":"post_tag","embeddable":true,"href":"https:\/\/www.andreas-edler.de\/blog\/wp-json\/wp\/v2\/tags?post=7032"}],"curies":[{"name":"wp","href":"https:\/\/api.w.org\/{rel}","templated":true}]}}