{"id":7027,"date":"2009-12-13T11:39:00","date_gmt":"2009-12-13T10:39:00","guid":{"rendered":"http:\/\/www.andreas-edler.de\/blog\/2009\/12\/qualitat-oder-subvention\/"},"modified":"2009-12-13T11:39:00","modified_gmt":"2009-12-13T10:39:00","slug":"qualitat-oder-subvention","status":"publish","type":"post","link":"https:\/\/www.andreas-edler.de\/blog\/2009\/12\/qualitat-oder-subvention\/","title":{"rendered":"Qualit\u00e4t oder Subvention?"},"content":{"rendered":"<p><cite>DWDL.de: <b><a href=\"http:\/\/www.dwdl.de\/story\/23890\/altverleger_neven_dumont_ruft_nach_vater_staat\/\">Alt-Verleger Neven DuMont ruft nach Vater Staat<\/a><\/b><br \/>&#8230; Verleger Alfred Neven DuMont ruft in der Krise nach der Politik. Sie solle &#8222;zielstrebig ein eigenes Programm&#8220; zur Rettung der Zeitungen auflegen. Andernfalls k\u00f6nne es in 20 Jahren wom\u00f6glich gar keine Tageszeitung mehr geben &#8230;<\/cite> &#8222;Bu\u00e4h, keine Sau will mein Geschreibe mehr lesen. Los Merkel, gib Du mir das Geld, welches die Leser mir b\u00f6swillig vorenthalten.&#8220; lautet meine \u00dcbersetzung des Gejammers.<\/p>\n<p>Das die Auflagenzahlen zur\u00fcckgehen hat doch die gleichen Gr\u00fcnde wie die sinkenden CD-Verkaufszahlen und die Stagnation bei den Kinobesuchen! <s>Schuld sind nur die b\u00f6sen Raubkopierer, die &#8230;<\/s> \u00c4h, nein, kann bei Zeitungen ja nicht sein. Wer stellt sich schon an den Kopierer und gibt den Lokalteil seinem Nachbarn. Nein, der Grund ist einfach die gesunkene Qualit\u00e4t in Verbindung mit den begrenzt zur Verf\u00fcgung stehenden Mitteln. Wenn fr\u00fcher ein Fernseher in der guten Stube stand, dann hatte man vielleicht noch ein Bakelit-Telefon und &#8211; die Tageszeitung um sich zu informieren.<\/p>\n<p>Heute habe ich noch ein Handy, 3 Laptops, zwei PCs, 3 DVD-Player, 2 LD-Player, eine PSOne und wom\u00f6glich gehe ich sogar ab und zu vor die Haust\u00fcr zum Bowlen oder ins Kino. Mehr Geld habe ich aber im Verh\u00e4ltnis zur Bakelit-Zeit sicher nicht zur Verf\u00fcgung. Also mu\u00df ich ein Auswahl treffen. <\/p>\n<p>Wenn ich nun im Internet viele Informationen bekomme &#8211; und seien es nur unbearbeitete (z.B.) dpa-Ticker, dann ist meine Bereitsschaft f\u00fcr die ebenfalls unbearbeitet wiedergegebenen dpa-Ticker-Texte einen Tag zu warten <b>und<\/b> noch Geld daf\u00fcr auszugeben eher gering. Trotzdem habe ich eine Tageszeitung im Abo: wegen dem Lokalteil. Ich gebe nicht unbetr\u00e4chtlich Geld daf\u00fcr aus, dass ich den kompletten Wirtschafts-, Sport- und &#8222;Aus aller Welt&#8220;-Teil ungelesen entsorge, weil ich die lokalen Infos so eben nicht bekomme. Ziel der Journalisten und des Herrn DuMont mu\u00df also sein, mir Informationen zu bieten, die mich interessieren und die ich sonst nicht bekomme &#8211; zu einem Preis, den ich bereit zu zahlen bin.<\/p>\n<p>Als bodenlose Frechheit empfinde ich es, wenn er jetzt versucht mein Geld zu bekommen, indem er die Politik anbettelt. Bekommt es selbst nicht hin, die Leser stimmen mit den F\u00fc\u00dfen ab und er stampft mit denselben beleidigt auf und will den (Nicht)Lesern das Geld von hinten aus der Tasche ziehen. Sehr merkw\u00fcrdige Ansichten.<\/p>\n","protected":false},"excerpt":{"rendered":"<p>DWDL.de: Alt-Verleger Neven DuMont ruft nach Vater Staat&#8230; Verleger Alfred Neven DuMont ruft in der Krise nach der Politik. Sie solle &#8222;zielstrebig ein eigenes Programm&#8220; zur Rettung der Zeitungen auflegen. Andernfalls k\u00f6nne es in 20 Jahren wom\u00f6glich gar keine Tageszeitung &hellip;<\/p>\n<p class=\"read-more\"> <a class=\"more-link\" href=\"https:\/\/www.andreas-edler.de\/blog\/2009\/12\/qualitat-oder-subvention\/\"> <span class=\"screen-reader-text\">Qualit\u00e4t oder Subvention?<\/span> Weiterlesen &raquo;<\/a><\/p>\n","protected":false},"author":1,"featured_media":0,"comment_status":"open","ping_status":"open","sticky":false,"template":"","format":"standard","meta":{"ngg_post_thumbnail":0,"activitypub_content_warning":"","activitypub_content_visibility":"","activitypub_max_image_attachments":2,"activitypub_interaction_policy_quote":"anyone","activitypub_status":"","footnotes":""},"categories":[18],"tags":[34,59],"class_list":["post-7027","post","type-post","status-publish","format-standard","hentry","category-fraglich","tag-kommunikation","tag-presse"],"share_on_mastodon":{"url":"","error":""},"_links":{"self":[{"href":"https:\/\/www.andreas-edler.de\/blog\/wp-json\/wp\/v2\/posts\/7027","targetHints":{"allow":["GET"]}}],"collection":[{"href":"https:\/\/www.andreas-edler.de\/blog\/wp-json\/wp\/v2\/posts"}],"about":[{"href":"https:\/\/www.andreas-edler.de\/blog\/wp-json\/wp\/v2\/types\/post"}],"author":[{"embeddable":true,"href":"https:\/\/www.andreas-edler.de\/blog\/wp-json\/wp\/v2\/users\/1"}],"replies":[{"embeddable":true,"href":"https:\/\/www.andreas-edler.de\/blog\/wp-json\/wp\/v2\/comments?post=7027"}],"version-history":[{"count":0,"href":"https:\/\/www.andreas-edler.de\/blog\/wp-json\/wp\/v2\/posts\/7027\/revisions"}],"wp:attachment":[{"href":"https:\/\/www.andreas-edler.de\/blog\/wp-json\/wp\/v2\/media?parent=7027"}],"wp:term":[{"taxonomy":"category","embeddable":true,"href":"https:\/\/www.andreas-edler.de\/blog\/wp-json\/wp\/v2\/categories?post=7027"},{"taxonomy":"post_tag","embeddable":true,"href":"https:\/\/www.andreas-edler.de\/blog\/wp-json\/wp\/v2\/tags?post=7027"}],"curies":[{"name":"wp","href":"https:\/\/api.w.org\/{rel}","templated":true}]}}