{"id":7021,"date":"2009-12-11T23:04:00","date_gmt":"2009-12-11T22:04:00","guid":{"rendered":"http:\/\/www.andreas-edler.de\/blog\/2009\/12\/versperrt\/"},"modified":"2013-11-02T14:58:30","modified_gmt":"2013-11-02T13:58:30","slug":"versperrt","status":"publish","type":"post","link":"https:\/\/www.andreas-edler.de\/blog\/2009\/12\/versperrt\/","title":{"rendered":"Versperrt"},"content":{"rendered":"<p>Vor knapp zwei Wochen war der <a href=\"http:\/\/www.andreas-edler.de\/2009\/11\/weihnachtsmarkt-in-eidinghausen-2009.php\">Weihnachtsmarkt in Eidinghausen<\/a>. Und daf\u00fcr mu\u00df nat\u00fcrlich der Parkplatz vor der Grundschule Eidinghausen bzw. vor dem B\u00fcrgerhaus ger\u00e4umt werden. Vollstes Verst\u00e4ndnis. Allerdings kann man die Sachen nach dem Weihnachtsmarkt auch wieder zur\u00fcck stellen und nicht unn\u00f6tig die Zuwegungen zur Grundschule f\u00fcr die Kleinsten dicht machen. <\/p>\n<p style=\"text-align:center;\"><img decoding=\"async\" src=\"http:\/\/www.andreas-edler.de\/grafik\/blog_2009\/20091211_grundschule_eidinghausen_1.jpg\" width=\"470\" border=\"0\" alt=\"\"><\/p>\n<p> Auf dem Weg ist morgens meist ganz sch\u00f6n was los. Und nun stehen dort seit dem Markt diese Altglasbeh\u00e4lter. Und da manche Leute die \u00d6ffnungen nicht finden, liegen ringsherum auch genug Scherben herum. <!-- \n\n<p style=\"text-align:center;\"><img decoding=\"async\" src=\"http:\/\/www.andreas-edler.de\/grafik\/blog_2009\/20091211_grundschule_eidinghausen_2.jpg\" width=\"470\" border=\"0\" alt=\"\"><\/p>\n\n --> <\/p>\n<p style=\"text-align:center;\"><img decoding=\"async\" src=\"http:\/\/www.andreas-edler.de\/grafik\/blog_2009\/20091211_grundschule_eidinghausen_3.jpg\" width=\"470\" border=\"0\" alt=\"\"><\/p>\n<p> Und bei dem Wetter macht es auch richtig Spa\u00df, durch das fast kn\u00f6cheltiefe Wasser zu waten (naja, jetzt habe ich ein bisschen \u00fcbertrieben ;-) &#8230; <\/p>\n<p style=\"text-align:center;\"><img decoding=\"async\" src=\"http:\/\/www.andreas-edler.de\/grafik\/blog_2009\/20091211_grundschule_eidinghausen_4.jpg\" width=\"470\" border=\"0\" alt=\"\"><\/p>\n<p> Ich w\u00fcrde die Dinger ja wegtragen, aber &#8230; naja, die sind schon ziemlich unhandlich.<\/p>\n","protected":false},"excerpt":{"rendered":"<p>Vor knapp zwei Wochen war der Weihnachtsmarkt in Eidinghausen. Und daf\u00fcr mu\u00df nat\u00fcrlich der Parkplatz vor der Grundschule Eidinghausen bzw. vor dem B\u00fcrgerhaus ger\u00e4umt werden. Vollstes Verst\u00e4ndnis. Allerdings kann man die Sachen nach dem Weihnachtsmarkt auch wieder zur\u00fcck stellen und &hellip;<\/p>\n<p class=\"read-more\"> <a class=\"more-link\" href=\"https:\/\/www.andreas-edler.de\/blog\/2009\/12\/versperrt\/\"> <span class=\"screen-reader-text\">Versperrt<\/span> Weiterlesen &raquo;<\/a><\/p>\n","protected":false},"author":1,"featured_media":0,"comment_status":"open","ping_status":"open","sticky":false,"template":"","format":"standard","meta":{"ngg_post_thumbnail":0,"activitypub_content_warning":"","activitypub_content_visibility":"","activitypub_max_image_attachments":2,"activitypub_interaction_policy_quote":"anyone","activitypub_status":"","footnotes":""},"categories":[1],"tags":[19],"class_list":["post-7021","post","type-post","status-publish","format-standard","hentry","category-allgemein","tag-tagesgeschehen"],"share_on_mastodon":{"url":"","error":""},"_links":{"self":[{"href":"https:\/\/www.andreas-edler.de\/blog\/wp-json\/wp\/v2\/posts\/7021","targetHints":{"allow":["GET"]}}],"collection":[{"href":"https:\/\/www.andreas-edler.de\/blog\/wp-json\/wp\/v2\/posts"}],"about":[{"href":"https:\/\/www.andreas-edler.de\/blog\/wp-json\/wp\/v2\/types\/post"}],"author":[{"embeddable":true,"href":"https:\/\/www.andreas-edler.de\/blog\/wp-json\/wp\/v2\/users\/1"}],"replies":[{"embeddable":true,"href":"https:\/\/www.andreas-edler.de\/blog\/wp-json\/wp\/v2\/comments?post=7021"}],"version-history":[{"count":0,"href":"https:\/\/www.andreas-edler.de\/blog\/wp-json\/wp\/v2\/posts\/7021\/revisions"}],"wp:attachment":[{"href":"https:\/\/www.andreas-edler.de\/blog\/wp-json\/wp\/v2\/media?parent=7021"}],"wp:term":[{"taxonomy":"category","embeddable":true,"href":"https:\/\/www.andreas-edler.de\/blog\/wp-json\/wp\/v2\/categories?post=7021"},{"taxonomy":"post_tag","embeddable":true,"href":"https:\/\/www.andreas-edler.de\/blog\/wp-json\/wp\/v2\/tags?post=7021"}],"curies":[{"name":"wp","href":"https:\/\/api.w.org\/{rel}","templated":true}]}}