{"id":70205,"date":"2014-04-25T09:03:52","date_gmt":"2014-04-25T07:03:52","guid":{"rendered":"http:\/\/www.andreas-edler.de\/blog\/?p=70205"},"modified":"2014-04-25T09:03:52","modified_gmt":"2014-04-25T07:03:52","slug":"mehr-ueberwachung","status":"publish","type":"post","link":"https:\/\/www.andreas-edler.de\/blog\/2014\/04\/mehr-ueberwachung\/","title":{"rendered":"Mehr \u00dcberwachung?"},"content":{"rendered":"<p>Ich bin entsetzt. Im L\u00f6hner Bahnhof hat die Bahn \u00dcberwachungskameras demontiert und &#8222;die L\u00f6hner&#8220; &#8211; oder genauer die LBA &#8211; sind extrem ver\u00e4rgert. Die Sicherheit ist gef\u00e4hrdet. Auch hier schadet es nicht, sich einfach mal zu informieren. Eine Kamera hat noch nie irgendetwas verhindert, sie kann n\u00e4mlich nicht aktiv eingreifen. Sie zeichnet nur auf und erm\u00f6glicht &#8211; vielleicht &#8211; eine T\u00e4teridentifizierung. Bedenklich finde ich den Kommentar der Zeitung zu dem Artikel: <cite>Bessere \u00dcberwachung ist der erste Schritt auf dem Weg zu einem sch\u00f6neren und vandalismusfreien Bahnhof f\u00fcr L\u00f6hne.<\/cite> Wollen wir wirklich immer mehr \u00dcberwachung? Oder nur bei den anderen und bitte nicht bei uns privat? Wer bestimmt, was wann und wo \u00fcberwacht wird? Wer bestimmt und vor allen Dingen kontrolliert, was mit den \u00dcberwachungsdaten passiert?<!--more--> Ich bin sowieso schon konsterniert, dass sich \u00fcber den NSA-Skandal so verhalten emp\u00f6rt wird, aber nun auch noch ganz bewusst mehr \u00dcberwachung zu forden, ist ein dolles Ding.<\/p>\n<p>Mehr Pr\u00e4senz von z.B. der Polizei &#8211; das hilft. Nicht das Aufstellen einer Kamera. Statt mehr Geld in Technik zu investieren, sollte man mehr Geld in Personal stecken. Gilt \u00fcbrigens f\u00fcr alle Bereich, z.B. Bildung, Gesundheits- und Sozialwesen, Betreuung sowohl von alten als auch ganz jungen Menschen. Allerdings w\u00e4ren das Entscheidungen, die etwas mehr kosten, daf\u00fcr aber auch was bringen!<\/p>\n","protected":false},"excerpt":{"rendered":"<p>Ich bin entsetzt. Im L\u00f6hner Bahnhof hat die Bahn \u00dcberwachungskameras demontiert und &#8222;die L\u00f6hner&#8220; &#8211; oder genauer die LBA &#8211; sind extrem ver\u00e4rgert. Die Sicherheit ist gef\u00e4hrdet. Auch hier schadet es nicht, sich einfach mal zu informieren. Eine Kamera hat &hellip;<\/p>\n<p class=\"read-more\"> <a class=\"more-link\" href=\"https:\/\/www.andreas-edler.de\/blog\/2014\/04\/mehr-ueberwachung\/\"> <span class=\"screen-reader-text\">Mehr \u00dcberwachung?<\/span> Weiterlesen &raquo;<\/a><\/p>\n","protected":false},"author":1,"featured_media":0,"comment_status":"open","ping_status":"open","sticky":false,"template":"","format":"standard","meta":{"ngg_post_thumbnail":0,"activitypub_content_warning":"","activitypub_content_visibility":"","activitypub_max_image_attachments":2,"activitypub_interaction_policy_quote":"anyone","activitypub_status":"","footnotes":""},"categories":[18],"tags":[81,124,34,134,59],"class_list":["post-70205","post","type-post","status-publish","format-standard","hentry","category-fraglich","tag-81","tag-datensicherheit","tag-kommunikation","tag-nsa","tag-presse"],"share_on_mastodon":{"url":"","error":""},"_links":{"self":[{"href":"https:\/\/www.andreas-edler.de\/blog\/wp-json\/wp\/v2\/posts\/70205","targetHints":{"allow":["GET"]}}],"collection":[{"href":"https:\/\/www.andreas-edler.de\/blog\/wp-json\/wp\/v2\/posts"}],"about":[{"href":"https:\/\/www.andreas-edler.de\/blog\/wp-json\/wp\/v2\/types\/post"}],"author":[{"embeddable":true,"href":"https:\/\/www.andreas-edler.de\/blog\/wp-json\/wp\/v2\/users\/1"}],"replies":[{"embeddable":true,"href":"https:\/\/www.andreas-edler.de\/blog\/wp-json\/wp\/v2\/comments?post=70205"}],"version-history":[{"count":0,"href":"https:\/\/www.andreas-edler.de\/blog\/wp-json\/wp\/v2\/posts\/70205\/revisions"}],"wp:attachment":[{"href":"https:\/\/www.andreas-edler.de\/blog\/wp-json\/wp\/v2\/media?parent=70205"}],"wp:term":[{"taxonomy":"category","embeddable":true,"href":"https:\/\/www.andreas-edler.de\/blog\/wp-json\/wp\/v2\/categories?post=70205"},{"taxonomy":"post_tag","embeddable":true,"href":"https:\/\/www.andreas-edler.de\/blog\/wp-json\/wp\/v2\/tags?post=70205"}],"curies":[{"name":"wp","href":"https:\/\/api.w.org\/{rel}","templated":true}]}}