{"id":7015,"date":"2009-12-09T22:31:00","date_gmt":"2009-12-09T21:31:00","guid":{"rendered":"http:\/\/www.andreas-edler.de\/blog\/2009\/12\/top-wetter\/"},"modified":"2009-12-09T22:31:00","modified_gmt":"2009-12-09T21:31:00","slug":"top-wetter","status":"publish","type":"post","link":"https:\/\/www.andreas-edler.de\/blog\/2009\/12\/top-wetter\/","title":{"rendered":"Top-Wetter"},"content":{"rendered":"<p>Bin mit leichten Kopfschmerzen aufgewacht &#8211; nat\u00fcrlich, ich habe ja auch Urlaub &#8211; und mich trotzdem gefreut: drau\u00dfen schien n\u00e4mlich ganz un\u00fcbersehbar die Sonne! Nachdem der Nachwuchs in der Schule und wir ges\u00e4ttigt waren, habe ich mich dann auf&#8217;s Rad gesetzt und bin eine kleine Runde gefahren. Nur Stra\u00dfe und keine Wanderwege. Bis Kirchlengern und zur\u00fcck. Und man merkt ganz deutlich, dass die kalte Jahreszeit begonnen hat, denn die motorisierten Verkehrsteilnehmer k\u00f6nnen nicht begreifen, dass da jemand mit einem Rad auf der Fahrbahn unterwegs ist. Sie k\u00f6nnen es nicht nur nicht begreifen, sie versuchen sogar aktiv zu zeigen, was sie davon halten. Ich bin ganz sch\u00f6n oft geschnitten und viel zu dicht \u00fcberholt worden. Inkl. angehupt werden und Stinkefinger zeigen. Was denken sich solche Vollhonks eigentlich? Kann nicht viel sein.<\/p>\n<p>Insofern habe ich es mir nicht nehmen lassen, einem gerade von einem L\u00f6hner Fahrradpolizisten(!) rausgewunkenem KFZ-Treiber deutlich zu sagen, was ich von seiner Parkweise halte, nachdem er dem Winken des Radpolizisten auf dem Radweg folge leistete und mich dadurch ausbremste. Nat\u00fcrlich so, dass es der Polizist auch h\u00f6rt. Ich hoffe, er hat das ber\u00fccksichtigt &#8211; gewartet habe ich nicht.<\/p>\n<p>Nach der Tour hatten sich meine Kopfschmerzen noch ordentlich verst\u00e4rkt, den Nachmittag und Abend habe ich daher leidend auf dem Sofa verbracht.<\/p>\n<p>28,4 Km | 22,1 Km\/h Schnitt | 43,9 Km\/h max. | 123 H\u00f6henmeter <\/p>\n<p style=\"text-align:center;\"><img decoding=\"async\" src=\"http:\/\/www.andreas-edler.de\/grafik\/blog_2009\/20091209_profil.gif\" width=\"470\" border=\"0\" alt=\"\" title=\"\"><\/p>\n","protected":false},"excerpt":{"rendered":"<p>Bin mit leichten Kopfschmerzen aufgewacht &#8211; nat\u00fcrlich, ich habe ja auch Urlaub &#8211; und mich trotzdem gefreut: drau\u00dfen schien n\u00e4mlich ganz un\u00fcbersehbar die Sonne! Nachdem der Nachwuchs in der Schule und wir ges\u00e4ttigt waren, habe ich mich dann auf&#8217;s Rad &hellip;<\/p>\n<p class=\"read-more\"> <a class=\"more-link\" href=\"https:\/\/www.andreas-edler.de\/blog\/2009\/12\/top-wetter\/\"> <span class=\"screen-reader-text\">Top-Wetter<\/span> Weiterlesen &raquo;<\/a><\/p>\n","protected":false},"author":1,"featured_media":0,"comment_status":"open","ping_status":"open","sticky":false,"template":"","format":"standard","meta":{"ngg_post_thumbnail":0,"activitypub_content_warning":"","activitypub_content_visibility":"","activitypub_max_image_attachments":2,"activitypub_interaction_policy_quote":"anyone","activitypub_status":"","footnotes":""},"categories":[15,13],"tags":[10,73,53],"class_list":["post-7015","post","type-post","status-publish","format-standard","hentry","category-fahrrad","category-verkehr","tag-kopfschmerzen","tag-recht","tag-wetter"],"share_on_mastodon":{"url":"","error":""},"_links":{"self":[{"href":"https:\/\/www.andreas-edler.de\/blog\/wp-json\/wp\/v2\/posts\/7015","targetHints":{"allow":["GET"]}}],"collection":[{"href":"https:\/\/www.andreas-edler.de\/blog\/wp-json\/wp\/v2\/posts"}],"about":[{"href":"https:\/\/www.andreas-edler.de\/blog\/wp-json\/wp\/v2\/types\/post"}],"author":[{"embeddable":true,"href":"https:\/\/www.andreas-edler.de\/blog\/wp-json\/wp\/v2\/users\/1"}],"replies":[{"embeddable":true,"href":"https:\/\/www.andreas-edler.de\/blog\/wp-json\/wp\/v2\/comments?post=7015"}],"version-history":[{"count":0,"href":"https:\/\/www.andreas-edler.de\/blog\/wp-json\/wp\/v2\/posts\/7015\/revisions"}],"wp:attachment":[{"href":"https:\/\/www.andreas-edler.de\/blog\/wp-json\/wp\/v2\/media?parent=7015"}],"wp:term":[{"taxonomy":"category","embeddable":true,"href":"https:\/\/www.andreas-edler.de\/blog\/wp-json\/wp\/v2\/categories?post=7015"},{"taxonomy":"post_tag","embeddable":true,"href":"https:\/\/www.andreas-edler.de\/blog\/wp-json\/wp\/v2\/tags?post=7015"}],"curies":[{"name":"wp","href":"https:\/\/api.w.org\/{rel}","templated":true}]}}