{"id":7006,"date":"2009-11-29T22:43:00","date_gmt":"2009-11-29T21:43:00","guid":{"rendered":"http:\/\/www.andreas-edler.de\/blog\/2009\/11\/minarette\/"},"modified":"2013-11-02T14:58:30","modified_gmt":"2013-11-02T13:58:30","slug":"minarette","status":"publish","type":"post","link":"https:\/\/www.andreas-edler.de\/blog\/2009\/11\/minarette\/","title":{"rendered":"Minarette"},"content":{"rendered":"<p>Glaubt eigentlich irgendjemand hier tats\u00e4chlich, dass ein B\u00fcrgerentscheid zu dem Thema in Deutschland anders ausgehen w\u00fcrde, als in der Schweiz? So blau\u00e4ugig ist hoffentlich niemand. Und weiter gedacht, wie wahrscheinlich ist, dass ein Volksentscheid in der &#8211; beispielsweise &#8211; T\u00fcrkei \u00fcber die Erlaubnis zum Bau neuer christlicher Kirchen positiv verlaufen w\u00fcrde?<\/p>\n<p>Ich gucke gerade die Tagesthemen und bin entsetzt \u00fcber die triefende \u00dcberraschung der Sprecherin.<\/p>\n","protected":false},"excerpt":{"rendered":"<p>Glaubt eigentlich irgendjemand hier tats\u00e4chlich, dass ein B\u00fcrgerentscheid zu dem Thema in Deutschland anders ausgehen w\u00fcrde, als in der Schweiz? So blau\u00e4ugig ist hoffentlich niemand. Und weiter gedacht, wie wahrscheinlich ist, dass ein Volksentscheid in der &#8211; beispielsweise &#8211; T\u00fcrkei &hellip;<\/p>\n<p class=\"read-more\"> <a class=\"more-link\" href=\"https:\/\/www.andreas-edler.de\/blog\/2009\/11\/minarette\/\"> <span class=\"screen-reader-text\">Minarette<\/span> Weiterlesen &raquo;<\/a><\/p>\n","protected":false},"author":1,"featured_media":0,"comment_status":"open","ping_status":"open","sticky":false,"template":"","format":"standard","meta":{"ngg_post_thumbnail":0,"activitypub_content_warning":"","activitypub_content_visibility":"","activitypub_max_image_attachments":2,"activitypub_interaction_policy_quote":"anyone","activitypub_status":"","footnotes":""},"categories":[1],"tags":[74,19],"class_list":["post-7006","post","type-post","status-publish","format-standard","hentry","category-allgemein","tag-religion","tag-tagesgeschehen"],"share_on_mastodon":{"url":"","error":""},"_links":{"self":[{"href":"https:\/\/www.andreas-edler.de\/blog\/wp-json\/wp\/v2\/posts\/7006","targetHints":{"allow":["GET"]}}],"collection":[{"href":"https:\/\/www.andreas-edler.de\/blog\/wp-json\/wp\/v2\/posts"}],"about":[{"href":"https:\/\/www.andreas-edler.de\/blog\/wp-json\/wp\/v2\/types\/post"}],"author":[{"embeddable":true,"href":"https:\/\/www.andreas-edler.de\/blog\/wp-json\/wp\/v2\/users\/1"}],"replies":[{"embeddable":true,"href":"https:\/\/www.andreas-edler.de\/blog\/wp-json\/wp\/v2\/comments?post=7006"}],"version-history":[{"count":0,"href":"https:\/\/www.andreas-edler.de\/blog\/wp-json\/wp\/v2\/posts\/7006\/revisions"}],"wp:attachment":[{"href":"https:\/\/www.andreas-edler.de\/blog\/wp-json\/wp\/v2\/media?parent=7006"}],"wp:term":[{"taxonomy":"category","embeddable":true,"href":"https:\/\/www.andreas-edler.de\/blog\/wp-json\/wp\/v2\/categories?post=7006"},{"taxonomy":"post_tag","embeddable":true,"href":"https:\/\/www.andreas-edler.de\/blog\/wp-json\/wp\/v2\/tags?post=7006"}],"curies":[{"name":"wp","href":"https:\/\/api.w.org\/{rel}","templated":true}]}}