{"id":7000,"date":"2009-11-27T07:48:00","date_gmt":"2009-11-27T06:48:00","guid":{"rendered":"http:\/\/www.andreas-edler.de\/blog\/2009\/11\/einmal-getroffene-entscheidungen\/"},"modified":"2009-11-27T07:48:00","modified_gmt":"2009-11-27T06:48:00","slug":"einmal-getroffene-entscheidungen","status":"publish","type":"post","link":"https:\/\/www.andreas-edler.de\/blog\/2009\/11\/einmal-getroffene-entscheidungen\/","title":{"rendered":"Einmal getroffene Entscheidungen"},"content":{"rendered":"<p>Nun, dass man einmal getroffene Entscheidungen revidieren kann, halte ich nicht f\u00fcr verwerflich oder ungew\u00f6hnlich. Im Falle des &#8222;Werster Kreisels&#8220; ist die Entscheidung allerdings so jung und wurde seinerzeit derart explizit getroffen, dass ich hier &#8211; wie andere auch &#8211; wirklich nicht verstehen kann, warum \u00fcber eine \u00c4nderung des Status Quo diskutiert wird. <cite>NW vom 27.11.2009: <b><a href=\"http:\/\/www.nw-news.de\/lokale_news\/bad_oeynhausen\/bad_oeynhausen\/3261151_Ausschuss_stoppt_Ausschreibung.html\">Ausschuss stoppt Ausschreibung<\/a><\/b><br \/>&#8230; Kl\u00e4rung fordert die CDU auch. Und zwar in Sachen Werster Kreisel. \u00dcber den habe zweimal der Stadtentwicklungsausschuss abgestimmt. Zweimal unter dem Vorsitz von Dr. Olaf Winkelmann. Und genau der stellte nun f\u00fcr die Vierer-Koaltion den Antrag auf eine Verbesserung des Mini-Kreisels. Einmal getroffene Entscheidungen werden somit auch dort hinf\u00e4llig. &#8222;Alle waren beteiligt, alle waren daf\u00fcr \u2013 und jetzt will\u2019s wieder keiner gewesen sein&#8220;, \u00e4rgert sich Kurt Nagel &#8230;<\/cite> Das es keiner gewesen sein will, sehe ich irgendwie nicht. Der Stadtentwicklungsausschu\u00df hat damals sehr einhellig beschlossen &#8211; IIRC unter Hinweis auf die verkehrstechnischen \u00c4nderungen und deren Auswirkungen. Das sollte nach so kurzer Zeit nicht \u00fcber den Haufen geworfen werden.<\/p>\n<p>Nat\u00fcrlich mu\u00df man die Beschwerden der B\u00fcrger ernst nehmen, aber man kann nicht duschen ohne na\u00df zu werden. Soll der Verkehr auf der Werster Stra\u00dfe\/Ringstra\u00dfe nun besser flie\u00dfen oder nicht? Es kann z.B. \u00fcberhaupt kein Argument sein, dass Verkehrsteilnehmer verkehrt herum in den Kreisel fahren, um in die August-R\u00fcrup-Stra\u00dfe zu gelangen. Man passt doch die Regeln nicht an das Fehlverhalten an!<\/p>\n","protected":false},"excerpt":{"rendered":"<p>Nun, dass man einmal getroffene Entscheidungen revidieren kann, halte ich nicht f\u00fcr verwerflich oder ungew\u00f6hnlich. Im Falle des &#8222;Werster Kreisels&#8220; ist die Entscheidung allerdings so jung und wurde seinerzeit derart explizit getroffen, dass ich hier &#8211; wie andere auch &#8211; &hellip;<\/p>\n<p class=\"read-more\"> <a class=\"more-link\" href=\"https:\/\/www.andreas-edler.de\/blog\/2009\/11\/einmal-getroffene-entscheidungen\/\"> <span class=\"screen-reader-text\">Einmal getroffene Entscheidungen<\/span> Weiterlesen &raquo;<\/a><\/p>\n","protected":false},"author":1,"featured_media":0,"comment_status":"open","ping_status":"open","sticky":false,"template":"","format":"standard","meta":{"ngg_post_thumbnail":0,"activitypub_content_warning":"","activitypub_content_visibility":"","activitypub_max_image_attachments":2,"activitypub_interaction_policy_quote":"anyone","activitypub_status":"","footnotes":""},"categories":[14,45,13],"tags":[77],"class_list":["post-7000","post","type-post","status-publish","format-standard","hentry","category-bad-oeynhausen","category-politik","category-verkehr","tag-stadtrat"],"share_on_mastodon":{"url":"","error":""},"_links":{"self":[{"href":"https:\/\/www.andreas-edler.de\/blog\/wp-json\/wp\/v2\/posts\/7000","targetHints":{"allow":["GET"]}}],"collection":[{"href":"https:\/\/www.andreas-edler.de\/blog\/wp-json\/wp\/v2\/posts"}],"about":[{"href":"https:\/\/www.andreas-edler.de\/blog\/wp-json\/wp\/v2\/types\/post"}],"author":[{"embeddable":true,"href":"https:\/\/www.andreas-edler.de\/blog\/wp-json\/wp\/v2\/users\/1"}],"replies":[{"embeddable":true,"href":"https:\/\/www.andreas-edler.de\/blog\/wp-json\/wp\/v2\/comments?post=7000"}],"version-history":[{"count":0,"href":"https:\/\/www.andreas-edler.de\/blog\/wp-json\/wp\/v2\/posts\/7000\/revisions"}],"wp:attachment":[{"href":"https:\/\/www.andreas-edler.de\/blog\/wp-json\/wp\/v2\/media?parent=7000"}],"wp:term":[{"taxonomy":"category","embeddable":true,"href":"https:\/\/www.andreas-edler.de\/blog\/wp-json\/wp\/v2\/categories?post=7000"},{"taxonomy":"post_tag","embeddable":true,"href":"https:\/\/www.andreas-edler.de\/blog\/wp-json\/wp\/v2\/tags?post=7000"}],"curies":[{"name":"wp","href":"https:\/\/api.w.org\/{rel}","templated":true}]}}