{"id":6998,"date":"2009-11-25T17:13:00","date_gmt":"2009-11-25T16:13:00","guid":{"rendered":"http:\/\/www.andreas-edler.de\/blog\/2009\/11\/windowblinds-7\/"},"modified":"2013-11-02T14:58:31","modified_gmt":"2013-11-02T13:58:31","slug":"windowblinds-7","status":"publish","type":"post","link":"https:\/\/www.andreas-edler.de\/blog\/2009\/11\/windowblinds-7\/","title":{"rendered":"Windowblinds 7"},"content":{"rendered":"<p>Ich hatte jahrelang den klassischen Windowsdesktop in Benutzung &#8211; fast so wie man ihn von Windows 95 her kennt. Mit der komischen Luna-Oberfl\u00e4che von Windows-XP konnte ich mich nie anfreunden. Was mir aber gefiel sind die Transparenzen von Vista, die mit Aero Einzug hielten. Und als ich entdeckt habe, dass man das auch unter XP mit Windowblinds super hinbekommen kann &#8211; auch auf altersschwacher Hardware &#8211; <a href=\"http:\/\/www.andreas-edler.de\/2008\/02\/windowblinds.php\">habe ich mir das gekauft<\/a>. Ich habe etwas mit den verschiedenen Themes rumprobiert, aber die Designer toben sich da immer f\u00fcrchterlich aus. Ich mag&#8217;s schlicht. Brauche keine Rahmen oder \u00e4hnlichen Schnickschnack. Und auch kein Feuer in der Taskleiste. Daher habe \u00fcberall nur das mitgelieferte <a href=\"http:\/\/www.andreas-edler.de\/2009\/02\/eeepc-900a-mit-windows.php\">&#8222;Leo&#8220;-Theme<\/a> in Benutzung.<\/p>\n<p>Nach der Umstellung auf &#8222;Windows 7&#8220; verweigerte &#8222;Windowblinds 6&#8220; allerdings die Arbeit :-( Die Beta der Version 7 lief nie so richtig, so dass ich mit der Standard-Aero-Oberfl\u00e4che von Windows vorlieb genommen habe. Bis ich gestern die Mail bekam, dass nun endlich die Version 7 von Stardocks Windowblinds fertig sei. F\u00fcr einen kleinen Updatepreis habe ich diese dann bezogen, installiert und freue mich seitdem, dass ich das Leo-Theme wieder benutzen kann! Sogar noch schicker als vorher unter XP :-) Bisschen spielen mu\u00df sein! <\/p>\n<p style=\"text-align:center;\"><img decoding=\"async\" src=\"http:\/\/www.andreas-edler.de\/grafik\/blog_2009\/20091125_windowblinds.jpg\" width=\"470\" border=\"0\" alt=\"\" title=\"\"><\/p>\n","protected":false},"excerpt":{"rendered":"<p>Ich hatte jahrelang den klassischen Windowsdesktop in Benutzung &#8211; fast so wie man ihn von Windows 95 her kennt. Mit der komischen Luna-Oberfl\u00e4che von Windows-XP konnte ich mich nie anfreunden. Was mir aber gefiel sind die Transparenzen von Vista, die &hellip;<\/p>\n<p class=\"read-more\"> <a class=\"more-link\" href=\"https:\/\/www.andreas-edler.de\/blog\/2009\/11\/windowblinds-7\/\"> <span class=\"screen-reader-text\">Windowblinds 7<\/span> Weiterlesen &raquo;<\/a><\/p>\n","protected":false},"author":1,"featured_media":0,"comment_status":"open","ping_status":"open","sticky":false,"template":"","format":"standard","meta":{"ngg_post_thumbnail":0,"activitypub_content_warning":"","activitypub_content_visibility":"","activitypub_max_image_attachments":2,"activitypub_interaction_policy_quote":"anyone","activitypub_status":"","footnotes":""},"categories":[1],"tags":[64,47,27],"class_list":["post-6998","post","type-post","status-publish","format-standard","hentry","category-allgemein","tag-konsum","tag-programme","tag-tools"],"share_on_mastodon":{"url":"","error":""},"_links":{"self":[{"href":"https:\/\/www.andreas-edler.de\/blog\/wp-json\/wp\/v2\/posts\/6998","targetHints":{"allow":["GET"]}}],"collection":[{"href":"https:\/\/www.andreas-edler.de\/blog\/wp-json\/wp\/v2\/posts"}],"about":[{"href":"https:\/\/www.andreas-edler.de\/blog\/wp-json\/wp\/v2\/types\/post"}],"author":[{"embeddable":true,"href":"https:\/\/www.andreas-edler.de\/blog\/wp-json\/wp\/v2\/users\/1"}],"replies":[{"embeddable":true,"href":"https:\/\/www.andreas-edler.de\/blog\/wp-json\/wp\/v2\/comments?post=6998"}],"version-history":[{"count":0,"href":"https:\/\/www.andreas-edler.de\/blog\/wp-json\/wp\/v2\/posts\/6998\/revisions"}],"wp:attachment":[{"href":"https:\/\/www.andreas-edler.de\/blog\/wp-json\/wp\/v2\/media?parent=6998"}],"wp:term":[{"taxonomy":"category","embeddable":true,"href":"https:\/\/www.andreas-edler.de\/blog\/wp-json\/wp\/v2\/categories?post=6998"},{"taxonomy":"post_tag","embeddable":true,"href":"https:\/\/www.andreas-edler.de\/blog\/wp-json\/wp\/v2\/tags?post=6998"}],"curies":[{"name":"wp","href":"https:\/\/api.w.org\/{rel}","templated":true}]}}