{"id":6996,"date":"2009-11-25T12:00:00","date_gmt":"2009-11-25T11:00:00","guid":{"rendered":"http:\/\/www.andreas-edler.de\/blog\/2009\/11\/werster-kreisel\/"},"modified":"2009-11-25T12:00:00","modified_gmt":"2009-11-25T11:00:00","slug":"werster-kreisel","status":"publish","type":"post","link":"https:\/\/www.andreas-edler.de\/blog\/2009\/11\/werster-kreisel\/","title":{"rendered":"Werster Kreisel"},"content":{"rendered":"<p>Was soll das denn? Jetzt m\u00f6chte man die August-R\u00fcrup-Stra\u00dfe wieder von der Werster Stra\u00dfe aus erreichbar machen? Die aktuelle Regelung wurde letztes Jahr im Stadtentwicklungsausschu\u00df genauso, wie es jetzt umgesetzt wurde, beschlossen. Unter besonderem Hinweis auf die Einbahnstra\u00dfenregelung und derer Vorteile f\u00fcr den fl\u00fcssigen Verkehrsverlauf auf der Werster Stra\u00dfe. Exakt das ist ja auch eingetreten. <cite>NW vom 25.11.2009: <b>Gesperrte Stra\u00dfe wieder \u00f6ffnen<\/b><br \/><i>Vierer-Koalition stellt Antrag zu Werster Mini-Kreisel<\/i><br \/>Die SPD Werste hatte es vergangene Woche angek\u00fcndigt: Sie fordert eine Nachbesserung am neuen Kreisverkehr in Werstes Ortsmitte. Nun springt die neue Vierer-Koalition im Rat der Stadt Bad Oeynhausen auf den Zug auf und pl\u00e4diert f\u00fcr eine \u201eb\u00fcrgerfreundliche \u00dcberplanung\u201c. <\/cite> Ich kann dem Kommentar von Nicole Sielermann nur zustimmen. Was soll das? Kostet nur unn\u00f6tig Geld, der Verkehr stockt wieder vermehrt und man kann die Gesch\u00e4fte und Praxen an der August-R\u00fcrup-Stra\u00dfe zur Zeit sehr bequem &#8222;von unten&#8220; erreichen. Habe ich den letzten Wochen mehrfach ganz entspannt gemacht.<\/p>\n<p>Hier mu\u00df wirklich nicht schon wieder Geld ausgegeben werden, nur damit ein paar Autofahrer 5 Meter weniger fahren m\u00fcssen.<\/p>\n","protected":false},"excerpt":{"rendered":"<p>Was soll das denn? Jetzt m\u00f6chte man die August-R\u00fcrup-Stra\u00dfe wieder von der Werster Stra\u00dfe aus erreichbar machen? Die aktuelle Regelung wurde letztes Jahr im Stadtentwicklungsausschu\u00df genauso, wie es jetzt umgesetzt wurde, beschlossen. Unter besonderem Hinweis auf die Einbahnstra\u00dfenregelung und derer &hellip;<\/p>\n<p class=\"read-more\"> <a class=\"more-link\" href=\"https:\/\/www.andreas-edler.de\/blog\/2009\/11\/werster-kreisel\/\"> <span class=\"screen-reader-text\">Werster Kreisel<\/span> Weiterlesen &raquo;<\/a><\/p>\n","protected":false},"author":1,"featured_media":0,"comment_status":"open","ping_status":"open","sticky":false,"template":"","format":"standard","meta":{"ngg_post_thumbnail":0,"activitypub_content_warning":"","activitypub_content_visibility":"","activitypub_max_image_attachments":2,"activitypub_interaction_policy_quote":"anyone","activitypub_status":"","footnotes":""},"categories":[14,45,13],"tags":[],"class_list":["post-6996","post","type-post","status-publish","format-standard","hentry","category-bad-oeynhausen","category-politik","category-verkehr"],"share_on_mastodon":{"url":"","error":""},"_links":{"self":[{"href":"https:\/\/www.andreas-edler.de\/blog\/wp-json\/wp\/v2\/posts\/6996","targetHints":{"allow":["GET"]}}],"collection":[{"href":"https:\/\/www.andreas-edler.de\/blog\/wp-json\/wp\/v2\/posts"}],"about":[{"href":"https:\/\/www.andreas-edler.de\/blog\/wp-json\/wp\/v2\/types\/post"}],"author":[{"embeddable":true,"href":"https:\/\/www.andreas-edler.de\/blog\/wp-json\/wp\/v2\/users\/1"}],"replies":[{"embeddable":true,"href":"https:\/\/www.andreas-edler.de\/blog\/wp-json\/wp\/v2\/comments?post=6996"}],"version-history":[{"count":0,"href":"https:\/\/www.andreas-edler.de\/blog\/wp-json\/wp\/v2\/posts\/6996\/revisions"}],"wp:attachment":[{"href":"https:\/\/www.andreas-edler.de\/blog\/wp-json\/wp\/v2\/media?parent=6996"}],"wp:term":[{"taxonomy":"category","embeddable":true,"href":"https:\/\/www.andreas-edler.de\/blog\/wp-json\/wp\/v2\/categories?post=6996"},{"taxonomy":"post_tag","embeddable":true,"href":"https:\/\/www.andreas-edler.de\/blog\/wp-json\/wp\/v2\/tags?post=6996"}],"curies":[{"name":"wp","href":"https:\/\/api.w.org\/{rel}","templated":true}]}}