{"id":6959,"date":"2009-10-25T21:54:00","date_gmt":"2009-10-25T20:54:00","guid":{"rendered":"http:\/\/www.andreas-edler.de\/blog\/2009\/10\/letzter-ferientag\/"},"modified":"2013-11-02T15:02:14","modified_gmt":"2013-11-02T14:02:14","slug":"letzter-ferientag","status":"publish","type":"post","link":"https:\/\/www.andreas-edler.de\/blog\/2009\/10\/letzter-ferientag\/","title":{"rendered":"Letzter Ferientag"},"content":{"rendered":"<p>Morgen geht die Schule wieder los und ich hatte dem kleinen Jungen versprochen, noch in den Ferien in das <a href=\"http:\/\/werrykids.de\/\">Werry Kids<\/a> Spielparadis im Werrepark zu gehen. Ich war da ja noch nie, Tim mit Alex allerdings schon \u00f6fter &#8211; und er ist ziemlich begeistert davon. <\/p>\n<p style=\"text-align:center;\"><img decoding=\"async\" src=\"http:\/\/www.andreas-edler.de\/grafik\/blog_2009\/20091025_werry_kids_1.jpg\" width=\"470\" border=\"0\" alt=\"\"><\/p>\n<p> Von au\u00dfen sieht man haupts\u00e4chlich ein paar Schaufenster und den Eingang, aber dahinter ist der Laden doch ziemlich gro\u00df. 6 Trampoline, ein riesiges Kletterger\u00fcst mit vielen Rutschen, B\u00e4llebad und Luftdruckkanonen f\u00fcr Softb\u00e4lle. Kicker, Airhockey, 2 Karussels, Riesenlegospielfl\u00e4che und f\u00fcr die Gro\u00dfen ein Caf\u00e9, in dem es f\u00fcr faires Geld was zu essen und zu trinken gibt.<\/p>\n<p>Macht einen guten Eindruck, vor allen Dingen, da es nicht teuer ist. 4 Stunden waren wir in dem Spielpark und Tim ist geh\u00fcpft, gelaufen und gerutscht, bis er komplett durchgeschwitzt war :-) Zwischendurch mal bei einer Fanta ausgeruht und ein wenig mit Lego gebaut &#8211; ein Haus, das ungef\u00e4hr 2 Meter hoch war. <\/p>\n<p style=\"text-align:center;\"><img decoding=\"async\" src=\"http:\/\/www.andreas-edler.de\/grafik\/blog_2009\/20091025_werry_kids_2.jpg\" width=\"470\" border=\"0\" alt=\"\"><\/p>\n<p> Danach sind wir noch mit dem Rad in die Stadt auf ein Eis gefahren. 17\u00b0C zeigte das Thermometer am Fahrrad an &#8211; unglaublich, in der letzten Wochen sind wir im Schnee spazieren gegangen.<\/p>\n<p>Jetzt noch Sofa und morgen geht f\u00fcr alle der Ernst des Lebens weiter!<\/p>\n","protected":false},"excerpt":{"rendered":"<p>Morgen geht die Schule wieder los und ich hatte dem kleinen Jungen versprochen, noch in den Ferien in das Werry Kids Spielparadis im Werrepark zu gehen. Ich war da ja noch nie, Tim mit Alex allerdings schon \u00f6fter &#8211; und &hellip;<\/p>\n<p class=\"read-more\"> <a class=\"more-link\" href=\"https:\/\/www.andreas-edler.de\/blog\/2009\/10\/letzter-ferientag\/\"> <span class=\"screen-reader-text\">Letzter Ferientag<\/span> Weiterlesen &raquo;<\/a><\/p>\n","protected":false},"author":1,"featured_media":0,"comment_status":"open","ping_status":"open","sticky":false,"template":"","format":"standard","meta":{"ngg_post_thumbnail":0,"activitypub_content_warning":"","activitypub_content_visibility":"","activitypub_max_image_attachments":2,"activitypub_interaction_policy_quote":"anyone","activitypub_status":"","footnotes":""},"categories":[1],"tags":[30,5,53],"class_list":["post-6959","post","type-post","status-publish","format-standard","hentry","category-allgemein","tag-spielen","tag-unterwegs","tag-wetter"],"share_on_mastodon":{"url":"","error":""},"_links":{"self":[{"href":"https:\/\/www.andreas-edler.de\/blog\/wp-json\/wp\/v2\/posts\/6959","targetHints":{"allow":["GET"]}}],"collection":[{"href":"https:\/\/www.andreas-edler.de\/blog\/wp-json\/wp\/v2\/posts"}],"about":[{"href":"https:\/\/www.andreas-edler.de\/blog\/wp-json\/wp\/v2\/types\/post"}],"author":[{"embeddable":true,"href":"https:\/\/www.andreas-edler.de\/blog\/wp-json\/wp\/v2\/users\/1"}],"replies":[{"embeddable":true,"href":"https:\/\/www.andreas-edler.de\/blog\/wp-json\/wp\/v2\/comments?post=6959"}],"version-history":[{"count":0,"href":"https:\/\/www.andreas-edler.de\/blog\/wp-json\/wp\/v2\/posts\/6959\/revisions"}],"wp:attachment":[{"href":"https:\/\/www.andreas-edler.de\/blog\/wp-json\/wp\/v2\/media?parent=6959"}],"wp:term":[{"taxonomy":"category","embeddable":true,"href":"https:\/\/www.andreas-edler.de\/blog\/wp-json\/wp\/v2\/categories?post=6959"},{"taxonomy":"post_tag","embeddable":true,"href":"https:\/\/www.andreas-edler.de\/blog\/wp-json\/wp\/v2\/tags?post=6959"}],"curies":[{"name":"wp","href":"https:\/\/api.w.org\/{rel}","templated":true}]}}