{"id":6952,"date":"2009-10-19T08:10:00","date_gmt":"2009-10-19T07:10:00","guid":{"rendered":"http:\/\/www.andreas-edler.de\/blog\/2009\/10\/halzschmerzen\/"},"modified":"2013-11-02T15:02:14","modified_gmt":"2013-11-02T14:02:14","slug":"halzschmerzen","status":"publish","type":"post","link":"https:\/\/www.andreas-edler.de\/blog\/2009\/10\/halzschmerzen\/","title":{"rendered":"Halzschmerzen"},"content":{"rendered":"<p>Wie gut, dass wir M\u00e4nner so hart im Nehmen sind, sonst w\u00fcrde ich jetzt ganz gewaltig rumjammern, dass mein Hals unglaublich schmerzt. Dass die Nahrungsaufnahme so gut wie unm\u00f6glich ist und ich sehr wahrscheinlich nur ganz knapp an der Intensivstation vorbei schramme, und dass das nat\u00fcrlich alles im Urlaub statt finden muss. Aber ich bin ja ein Mann, darum erw\u00e4hne ich solche Nebens\u00e4chlichkeiten nicht einmal! <\/p>\n<p style=\"text-align:center;\"><img decoding=\"async\" src=\"http:\/\/www.andreas-edler.de\/grafik\/blog_2009\/20091019_andreas_sofa.jpg\" width=\"470\" border=\"0\" alt=\"\" title=\"\"><\/p>\n","protected":false},"excerpt":{"rendered":"<p>Wie gut, dass wir M\u00e4nner so hart im Nehmen sind, sonst w\u00fcrde ich jetzt ganz gewaltig rumjammern, dass mein Hals unglaublich schmerzt. Dass die Nahrungsaufnahme so gut wie unm\u00f6glich ist und ich sehr wahrscheinlich nur ganz knapp an der Intensivstation &hellip;<\/p>\n<p class=\"read-more\"> <a class=\"more-link\" href=\"https:\/\/www.andreas-edler.de\/blog\/2009\/10\/halzschmerzen\/\"> <span class=\"screen-reader-text\">Halzschmerzen<\/span> Weiterlesen &raquo;<\/a><\/p>\n","protected":false},"author":1,"featured_media":0,"comment_status":"open","ping_status":"open","sticky":false,"template":"","format":"standard","meta":{"ngg_post_thumbnail":0,"activitypub_content_warning":"","activitypub_content_visibility":"","activitypub_max_image_attachments":2,"activitypub_interaction_policy_quote":"anyone","activitypub_status":"","footnotes":""},"categories":[1],"tags":[7],"class_list":["post-6952","post","type-post","status-publish","format-standard","hentry","category-allgemein","tag-gesundheit"],"share_on_mastodon":{"url":"","error":""},"_links":{"self":[{"href":"https:\/\/www.andreas-edler.de\/blog\/wp-json\/wp\/v2\/posts\/6952","targetHints":{"allow":["GET"]}}],"collection":[{"href":"https:\/\/www.andreas-edler.de\/blog\/wp-json\/wp\/v2\/posts"}],"about":[{"href":"https:\/\/www.andreas-edler.de\/blog\/wp-json\/wp\/v2\/types\/post"}],"author":[{"embeddable":true,"href":"https:\/\/www.andreas-edler.de\/blog\/wp-json\/wp\/v2\/users\/1"}],"replies":[{"embeddable":true,"href":"https:\/\/www.andreas-edler.de\/blog\/wp-json\/wp\/v2\/comments?post=6952"}],"version-history":[{"count":0,"href":"https:\/\/www.andreas-edler.de\/blog\/wp-json\/wp\/v2\/posts\/6952\/revisions"}],"wp:attachment":[{"href":"https:\/\/www.andreas-edler.de\/blog\/wp-json\/wp\/v2\/media?parent=6952"}],"wp:term":[{"taxonomy":"category","embeddable":true,"href":"https:\/\/www.andreas-edler.de\/blog\/wp-json\/wp\/v2\/categories?post=6952"},{"taxonomy":"post_tag","embeddable":true,"href":"https:\/\/www.andreas-edler.de\/blog\/wp-json\/wp\/v2\/tags?post=6952"}],"curies":[{"name":"wp","href":"https:\/\/api.w.org\/{rel}","templated":true}]}}