{"id":6943,"date":"2009-10-07T19:28:00","date_gmt":"2009-10-07T18:28:00","guid":{"rendered":"http:\/\/www.andreas-edler.de\/blog\/2009\/10\/verhaften-alle-sofort\/"},"modified":"2009-10-07T19:28:00","modified_gmt":"2009-10-07T18:28:00","slug":"verhaften-alle-sofort","status":"publish","type":"post","link":"https:\/\/www.andreas-edler.de\/blog\/2009\/10\/verhaften-alle-sofort\/","title":{"rendered":"Verhaften, alle, sofort"},"content":{"rendered":"<p>Es ist wirklich zum Heulen, was hier in unserem Land inzwischen alles passiert. Noch viel schlimmer ist, dass so wenige Menschen aufbegehren und gegen solch ein Handeln protestieren oder ihre Meinung kund tun. Ich kann und will mir einfach nicht vorstellen, dass es wirklich eine Mehrheit in diesem Land gibt, die es gut findet, <a href=\"http:\/\/www.stern.de\/panorama\/angst-vor-einem-anschlag-vorsorglicher-terrorverdacht-1513064.html\">dass Menschen von der Polizei einfach so ohne Grund inhaftiert werden k\u00f6nnen<\/a>. <cite>&#8222;An die Wahrscheinlichkeit eines Schadenseintritts sind umso geringere Anforderungen zu stellen, je gr\u00f6\u00dfer und folgenschwerer der m\u00f6glicherweise eintretende Schaden ist.&#8220;<\/cite> &#8222;Der k\u00f6nnte ja die ganze Stadt in die Luft jagen!&#8220; &#8230; schwupps &#8230; schon sind Beweise obsolet. So kriegt man nat\u00fcrlich wirklich jeden aus dem Verkehr gezogen. Einfach einen m\u00f6glichst gro\u00dfen Schaden in Aussicht stellen und schon ben\u00f6tigt man keine konkreten Verdachtsmomente mehr. Es ist zum Kotzen!<\/p>\n<p>Soll ich mal was sagen? Ich f\u00fchle mich in meiner Sicherheit nicht durch Moslems bedroht, ich habe Angst vor unserer Staatsorganen! Wenn ich hier sowas schreibe, mu\u00df ich doch inzwischen damit rechnen, dass ich morgens um drei abgef\u00fchrt werde.<\/p>\n","protected":false},"excerpt":{"rendered":"<p>Es ist wirklich zum Heulen, was hier in unserem Land inzwischen alles passiert. Noch viel schlimmer ist, dass so wenige Menschen aufbegehren und gegen solch ein Handeln protestieren oder ihre Meinung kund tun. Ich kann und will mir einfach nicht &hellip;<\/p>\n<p class=\"read-more\"> <a class=\"more-link\" href=\"https:\/\/www.andreas-edler.de\/blog\/2009\/10\/verhaften-alle-sofort\/\"> <span class=\"screen-reader-text\">Verhaften, alle, sofort<\/span> Weiterlesen &raquo;<\/a><\/p>\n","protected":false},"author":1,"featured_media":0,"comment_status":"open","ping_status":"open","sticky":false,"template":"","format":"standard","meta":{"ngg_post_thumbnail":0,"activitypub_content_warning":"","activitypub_content_visibility":"","activitypub_max_image_attachments":2,"activitypub_interaction_policy_quote":"anyone","activitypub_status":"","footnotes":""},"categories":[45],"tags":[73,76],"class_list":["post-6943","post","type-post","status-publish","format-standard","hentry","category-politik","tag-recht","tag-sicherheit"],"share_on_mastodon":{"url":"","error":""},"_links":{"self":[{"href":"https:\/\/www.andreas-edler.de\/blog\/wp-json\/wp\/v2\/posts\/6943","targetHints":{"allow":["GET"]}}],"collection":[{"href":"https:\/\/www.andreas-edler.de\/blog\/wp-json\/wp\/v2\/posts"}],"about":[{"href":"https:\/\/www.andreas-edler.de\/blog\/wp-json\/wp\/v2\/types\/post"}],"author":[{"embeddable":true,"href":"https:\/\/www.andreas-edler.de\/blog\/wp-json\/wp\/v2\/users\/1"}],"replies":[{"embeddable":true,"href":"https:\/\/www.andreas-edler.de\/blog\/wp-json\/wp\/v2\/comments?post=6943"}],"version-history":[{"count":0,"href":"https:\/\/www.andreas-edler.de\/blog\/wp-json\/wp\/v2\/posts\/6943\/revisions"}],"wp:attachment":[{"href":"https:\/\/www.andreas-edler.de\/blog\/wp-json\/wp\/v2\/media?parent=6943"}],"wp:term":[{"taxonomy":"category","embeddable":true,"href":"https:\/\/www.andreas-edler.de\/blog\/wp-json\/wp\/v2\/categories?post=6943"},{"taxonomy":"post_tag","embeddable":true,"href":"https:\/\/www.andreas-edler.de\/blog\/wp-json\/wp\/v2\/tags?post=6943"}],"curies":[{"name":"wp","href":"https:\/\/api.w.org\/{rel}","templated":true}]}}