{"id":6936,"date":"2009-09-30T06:23:00","date_gmt":"2009-09-30T05:23:00","guid":{"rendered":"http:\/\/www.andreas-edler.de\/blog\/2009\/09\/das-wars-mit-der-unschuldsvermutung\/"},"modified":"2013-04-07T11:15:27","modified_gmt":"2013-04-07T09:15:27","slug":"das-wars-mit-der-unschuldsvermutung","status":"publish","type":"post","link":"https:\/\/www.andreas-edler.de\/blog\/2009\/09\/das-wars-mit-der-unschuldsvermutung\/","title":{"rendered":"Das war&#8217;s mit der Unschuldsvermutung"},"content":{"rendered":"<p><cite>NW-Online vom 30.09.2009: <b><a href=\"http:\/\/www.nw-news.de\/owl\/3163523_Fuenf_Maenner_verweigern_Speicheltest_nach_Mordfall.html\">F\u00fcnf M\u00e4nner verweigern Speicheltest nach Mordfall<\/a><\/b><br \/>&#8230; Zwei Wochen nach Beginn des Massenspeicheltests bei den Mordermittlungen in G\u00fctersloh haben bisher f\u00fcnf M\u00e4nner eine DNA-Probe verweigert. Sie sollen nun enger in den Fokus genommen und befragt werden, teilte ein Sprecher der Polizei G\u00fctersloh am Dienstag mit. Die Speichelentnahme ist jedoch freiwillig &#8230;<\/cite> Als diese Massen-DNA-Test vor zwei Monaten angek\u00fcndigt wurden, <a href=\"http:\/\/www.andreas-edler.de\/2009\/07\/massentest.php\">habe ich bereits meinen Unmut und meine Bedenken ge\u00e4u\u00dfert<\/a>. Und genau so ist es auch gekommen. Wenn jemand &#8222;freiwillig&#8220; nicht mitmacht, ger\u00e4t er pl\u00f6tzlich in den Fokus der Ermittlungen. Was bedeutet das dann f\u00fcr denjenigen? <a href=\"http:\/\/www.welt.de\/news\/article4594573\/Telefone-werden-haeufiger-abgehoert.html\">Bei der Anzahl der Telefon\u00fcberwachungen in Deutschland<\/a>, wird garantiert aus nichtigerem Grund als Mord abgeh\u00f6rt. Diese 5 k\u00f6nnen also demn\u00e4chst neben ihrem Gespr\u00e4chspartner auch gleich die Polizei mit begr\u00fc\u00dfen. Nat\u00fcrlich wird erw\u00e4gt werden, die Computer der Betreffenden zu durchsuchen. Ob das dann heimlich online geschieht oder die EDV gleich am S\u00fcck konfisziert wird, sieht man dann.<\/p>\n<p>Vielleicht spricht man auch die Nachbarn an und fragt mal beim Arbeitgeber nach. Das wird alles sicher \u00fcberhaupt keine Auswirkungen auf das Leben der in den Fokus geratenen Personen haben, die nichts weiter getan haben als &#8222;nichts&#8220;. Sie haben nicht einmal von ihrem Recht Gebrauch gemacht, sie haben nur einen freiwilligen Test nicht mitgemacht. So wie ich auch keine Umfrage f\u00fcr Damend\u00fcfte am Telefon mitmachen mu\u00df.<br \/><cite>&#8230; &#8222;Wir werden auf die f\u00fcnf Personen zugehen und sie \u00fcber den Sinn der DNA-Proben noch einmal genau aufkl\u00e4ren. Dann schauen wir weiter&#8220;, sagte der Sprecher der G\u00fctersloher Polizei &#8230;<\/cite> Lieber Herr Polizeisprecher, *ich* bin mir ziemlich im Klaren \u00fcber den Sinn der DNA-Proben. Weiterhin sind mir auch <a href=\"http:\/\/www.andreas-edler.de\/2009\/07\/massentest.php\">die m\u00f6glichen gravierenden Folgen<\/a> der Abgabe einer solchen Probe bewusst. Wom\u00f6glich haben diese 5 M\u00e4nner vorher auch einfach mal nachgedacht. Denken scheint ganz offensichtlich gef\u00e4hrlich zu sein und macht verd\u00e4chtig.<\/p>\n<p>Ich will der Polizei sicher nicht vorschreiben, wie diese ihre Arbeit zu tun hat. Aber es gibt bereits Regeln, Gesetze und Vorschriften, die besagen dass man zuallererst mal alles darf, was nicht verboten ist. Und dass man solange unschuldig ist, bis <span style=\"font-weight:bold;\">jemand anderes<\/span> das Gegenteil bewiesen hat. Dar\u00fcber hat mich \u00fcbrigens ein Polizist aufgekl\u00e4rt &#8230;<\/p>\n","protected":false},"excerpt":{"rendered":"<p>NW-Online vom 30.09.2009: F\u00fcnf M\u00e4nner verweigern Speicheltest nach Mordfall&#8230; Zwei Wochen nach Beginn des Massenspeicheltests bei den Mordermittlungen in G\u00fctersloh haben bisher f\u00fcnf M\u00e4nner eine DNA-Probe verweigert. Sie sollen nun enger in den Fokus genommen und befragt werden, teilte ein &hellip;<\/p>\n<p class=\"read-more\"> <a class=\"more-link\" href=\"https:\/\/www.andreas-edler.de\/blog\/2009\/09\/das-wars-mit-der-unschuldsvermutung\/\"> <span class=\"screen-reader-text\">Das war&#8217;s mit der Unschuldsvermutung<\/span> Weiterlesen &raquo;<\/a><\/p>\n","protected":false},"author":1,"featured_media":0,"comment_status":"open","ping_status":"open","sticky":false,"template":"","format":"standard","meta":{"ngg_post_thumbnail":0,"activitypub_content_warning":"","activitypub_content_visibility":"","activitypub_max_image_attachments":2,"activitypub_interaction_policy_quote":"anyone","activitypub_status":"","footnotes":""},"categories":[18,45],"tags":[81,104,73],"class_list":["post-6936","post","type-post","status-publish","format-standard","hentry","category-fraglich","category-politik","tag-81","tag-dna","tag-recht"],"share_on_mastodon":{"url":"","error":""},"_links":{"self":[{"href":"https:\/\/www.andreas-edler.de\/blog\/wp-json\/wp\/v2\/posts\/6936","targetHints":{"allow":["GET"]}}],"collection":[{"href":"https:\/\/www.andreas-edler.de\/blog\/wp-json\/wp\/v2\/posts"}],"about":[{"href":"https:\/\/www.andreas-edler.de\/blog\/wp-json\/wp\/v2\/types\/post"}],"author":[{"embeddable":true,"href":"https:\/\/www.andreas-edler.de\/blog\/wp-json\/wp\/v2\/users\/1"}],"replies":[{"embeddable":true,"href":"https:\/\/www.andreas-edler.de\/blog\/wp-json\/wp\/v2\/comments?post=6936"}],"version-history":[{"count":0,"href":"https:\/\/www.andreas-edler.de\/blog\/wp-json\/wp\/v2\/posts\/6936\/revisions"}],"wp:attachment":[{"href":"https:\/\/www.andreas-edler.de\/blog\/wp-json\/wp\/v2\/media?parent=6936"}],"wp:term":[{"taxonomy":"category","embeddable":true,"href":"https:\/\/www.andreas-edler.de\/blog\/wp-json\/wp\/v2\/categories?post=6936"},{"taxonomy":"post_tag","embeddable":true,"href":"https:\/\/www.andreas-edler.de\/blog\/wp-json\/wp\/v2\/tags?post=6936"}],"curies":[{"name":"wp","href":"https:\/\/api.w.org\/{rel}","templated":true}]}}