{"id":6935,"date":"2009-09-29T06:29:00","date_gmt":"2009-09-29T05:29:00","guid":{"rendered":"http:\/\/www.andreas-edler.de\/blog\/2009\/09\/zustand-der-radwege-an-der-eidinghausener-strase\/"},"modified":"2023-05-03T22:24:27","modified_gmt":"2023-05-03T20:24:27","slug":"zustand-der-radwege-an-der-eidinghausener-strase","status":"publish","type":"post","link":"https:\/\/www.andreas-edler.de\/blog\/2009\/09\/zustand-der-radwege-an-der-eidinghausener-strase\/","title":{"rendered":"Zustand der Radwege an der Eidinghausener Stra\u00dfe"},"content":{"rendered":"<p>Steter Tropfen und so &#8230; ich bin zwar derart <s>pessimistisch<\/s> realistisch, dass ich mir keine Besserung verspreche, aber &#8230;<\/p>\n<p><cite>Hallo liebe Damen und Herren,<br \/>\n<br \/>\nt\u00e4glich benutze ich und viele andere Radfahrer &#8211; inkl. einer nicht unerheblichen Menge Sch\u00fcler &#8211; gezwungenerma\u00dfen die Radwege an der Eidinghausener Stra\u00dfe. Seit Jahren weise nicht nur ich auf den v\u00f6llig desolaten Zustand und die nicht sachgerechte Ausgestaltung der Radwege hin. Hier stimmte mir sogar die Polizei w\u00e4hrend einer Ortsbesichtigung im August zu.<br \/>\n<br \/>\nGestern ist mir zum wiederholten Male eine absolut handels\u00fcbliche Fahrradtasche zum Einh\u00e4ngen an den Gep\u00e4cktr\u00e4ger w\u00e4hrend der Fahrt vom Fahrrad gehoben worden, als ich eine der zahlreichen Bodenwellen \u00fcberfahren habe. Sie werden verstehen, dass es f\u00fcr den Transport von Laptops eher unsch\u00f6n ist, wenn der Weg in einem derart schlechten Zustand ist, dass man \u00fcber das normale Ma\u00df hinausgehende Sicherungsma\u00dfnahmen einsetzen mu\u00df, um unbeschadet ans Ziel zu gelangen. Ein sicheres Vorankommen ist auf den Radwegen nur noch bei Geschwindigkeiten nahe Schritttempo m\u00f6glich.<br \/>\n<br \/>\nDamit stehen die Radwege an der Eidinghausener Stra\u00dfe im krassen Gegensatz zu den Vorschriften der Stra\u00dfenverkehrsordnung, die eine Benutzungspflicht nur dann ausnahmsweise vorsieht, wenn dadurch der Radverkehr deutlich sicherer voran kommt. Im oberen Teil der Eidinghausener Stra\u00dfe haben Sie die Benutzungspflicht durch die Aufstellung der Beschilderung &#8222;Stra\u00dfensch\u00e4den&#8220; inzwischen faktisch bereits aufgehoben.<br \/>\n<br \/>\nDa Sie ganz offensichtlich nicht in der Lage sind, einen ordnungsgem\u00e4\u00dfen, den Vorschriften entsprechenden Zustand herzustellen, ist diese von Ihnen vorgenommene kostenneutrale L\u00f6sung zu begr\u00fc\u00dfen. Wann wird die Benutzungspflicht f\u00fcr den kompletten Verlauf der Radwege an der Eidinghausener Stra\u00dfe aufgehoben und dies \u00f6ffentlich kommuniziert?<br \/>\n<br \/>\nDa Schulkinder bis zum 10 Lebensjahr immer noch diese Wege benutzen d\u00fcrfen bzw. m\u00fcssen weiterhin die Frage, wann die bestehenden M\u00e4ngel wie tiefe Schlagl\u00f6cher, nicht sachgerecht durchgef\u00fchrte Absenkungen an Einm\u00fcndungen, Risse, Bodenwellen, hochstehende Abschlu\u00dfkanten, abgesackter Asphalt um Gullideckel usw. behoben werden? Entsprechende Bilder und Beschreibungen liegen Ihrer Vewaltung teilweise seit Jahren vor.<br \/>\n<br \/>\nMit freundlichen Gr\u00fc\u00dfen<br \/>\n<br \/>\nAndreas Edler<\/cite><\/p>\n","protected":false},"excerpt":{"rendered":"<p>Steter Tropfen und so &#8230; ich bin zwar derart pessimistisch realistisch, dass ich mir keine Besserung verspreche, aber &#8230; Hallo liebe Damen und Herren, t\u00e4glich benutze ich und viele andere Radfahrer &#8211; inkl. einer nicht unerheblichen Menge Sch\u00fcler &#8211; gezwungenerma\u00dfen &hellip;<\/p>\n<p class=\"read-more\"> <a class=\"more-link\" href=\"https:\/\/www.andreas-edler.de\/blog\/2009\/09\/zustand-der-radwege-an-der-eidinghausener-strase\/\"> <span class=\"screen-reader-text\">Zustand der Radwege an der Eidinghausener Stra\u00dfe<\/span> Weiterlesen &raquo;<\/a><\/p>\n","protected":false},"author":1,"featured_media":0,"comment_status":"open","ping_status":"open","sticky":false,"template":"","format":"standard","meta":{"ngg_post_thumbnail":0,"activitypub_content_warning":"","activitypub_content_visibility":"","activitypub_max_image_attachments":2,"activitypub_interaction_policy_quote":"anyone","activitypub_status":"","footnotes":""},"categories":[14,15],"tags":[477,419,262,110,251,168,72],"class_list":["post-6935","post","type-post","status-publish","format-standard","hentry","category-bad-oeynhausen","category-fahrrad","tag-alltagsradverkehr","tag-eidinghausen","tag-eidinghausener-strasse","tag-fahrradfreundliche-stadt","tag-infrastruktur","tag-klimafreundliche-mobilitaet","tag-verwaltung"],"share_on_mastodon":{"url":"","error":""},"_links":{"self":[{"href":"https:\/\/www.andreas-edler.de\/blog\/wp-json\/wp\/v2\/posts\/6935","targetHints":{"allow":["GET"]}}],"collection":[{"href":"https:\/\/www.andreas-edler.de\/blog\/wp-json\/wp\/v2\/posts"}],"about":[{"href":"https:\/\/www.andreas-edler.de\/blog\/wp-json\/wp\/v2\/types\/post"}],"author":[{"embeddable":true,"href":"https:\/\/www.andreas-edler.de\/blog\/wp-json\/wp\/v2\/users\/1"}],"replies":[{"embeddable":true,"href":"https:\/\/www.andreas-edler.de\/blog\/wp-json\/wp\/v2\/comments?post=6935"}],"version-history":[{"count":0,"href":"https:\/\/www.andreas-edler.de\/blog\/wp-json\/wp\/v2\/posts\/6935\/revisions"}],"wp:attachment":[{"href":"https:\/\/www.andreas-edler.de\/blog\/wp-json\/wp\/v2\/media?parent=6935"}],"wp:term":[{"taxonomy":"category","embeddable":true,"href":"https:\/\/www.andreas-edler.de\/blog\/wp-json\/wp\/v2\/categories?post=6935"},{"taxonomy":"post_tag","embeddable":true,"href":"https:\/\/www.andreas-edler.de\/blog\/wp-json\/wp\/v2\/tags?post=6935"}],"curies":[{"name":"wp","href":"https:\/\/api.w.org\/{rel}","templated":true}]}}