{"id":6931,"date":"2009-09-26T09:25:00","date_gmt":"2009-09-26T08:25:00","guid":{"rendered":"http:\/\/www.andreas-edler.de\/blog\/2009\/09\/verkehrslagebericht\/"},"modified":"2009-09-26T09:25:00","modified_gmt":"2009-09-26T08:25:00","slug":"verkehrslagebericht","status":"publish","type":"post","link":"https:\/\/www.andreas-edler.de\/blog\/2009\/09\/verkehrslagebericht\/","title":{"rendered":"Verkehrslagebericht"},"content":{"rendered":"<p>Lange nichts \u00fcber die Verkehrsteilnehmer gemeckert ;-) Nicht weil es nichts zu meckern g\u00e4be &#8230; ich habe nur irgendwie keine Lust mehr. Da f\u00fchlt man sich wie Don Quijotte, nur dass es keine Windm\u00fchlen sind, sondern die Ignoranz oder &#8211; vielleicht netter &#8211; die Gedankenlosigkeit vieler Leute, die meinen sie k\u00f6nnten irgendein Fahrzeug im Stra\u00dfenverkehr bewegen.<\/p>\n<p>Und da nehme ich die Radfahrer explizit nicht aus. Es kotzt mich an, wenn ich jeden Morgen den immer gleichen Nasen auf den Radwegen ausweichen mu\u00df, weil diese offenbar nicht wissen, wo rechts und links ist. Und ich kann auch \u00fcberhaupt nicht verstehen, warum man bei rot eine Stra\u00dfe queren mu\u00df, w\u00e4hrend ich meinem i-M\u00e4nnchen zu erkl\u00e4ren versuche, wann er gehen und wann er warten mu\u00df. <\/p>\n<p style=\"text-align:center;\"><img decoding=\"async\" src=\"http:\/\/www.andreas-edler.de\/grafik\/blog_2009\/20090926_dhl_auf_gehweg.jpg\" width=\"470\" border=\"0\" alt=\"\" title=\"\"><\/p>\n<p> Nat\u00fcrlich gibt es zus\u00e4tzlich noch die \u00fcblichen \u00c4rgernisse, mit Dienstleistern und deren Interpretation der Verkehrsregeln. Ich habe einige Fahrer schon mal angesprochen und durchaus freundliche Dialoge gehabt &#8211; allerdings bar jeder Einsicht f\u00fcr das Fehlverhalten. Im D\u00f6rgen kam neben einem DHL-Fahrzeug nicht einmal mehr jemand mit einem Rollator vorbei, aber dem Lieferwagenfahrer war die Fahrbahn wichtiger. Wortw\u00f6rtlich sagte er mir, dass doch ein Auto warten m\u00fcsse, falls er auf der Fahrbahn parke und sich zwei KFZ dann dort begegnen! Ja Himmel, genau so ist es. Und? <\/p>\n<p style=\"text-align:center;\"><img decoding=\"async\" src=\"http:\/\/www.andreas-edler.de\/grafik\/blog_2009\/20090926_doergen_zigaretten_holen.jpg\" width=\"470\" border=\"0\" alt=\"\" title=\"\"><\/p>\n<p> Entgegen der Fahrrichtung, zur H\u00e4lfte auf dem Gehweg &#8230; und warum? Man erkennt leider den Zigarettenautomaten nicht so gut, an dem die Fahrerin des Wagens ihre Sucht bedienen musste. Das niemand neben dem Auto auf dem Gehweg vorbei konnte war ihr wahrscheinlich genauso egal, wie der Gestank ihrer Zigaretten ;-) <\/p>\n<p style=\"text-align:center;\"><img decoding=\"async\" src=\"http:\/\/www.andreas-edler.de\/grafik\/blog_2009\/20090926_autowerkstatt_gehweg.jpg\" width=\"470\" border=\"0\" alt=\"\" title=\"\"><\/p>\n<p> Naja, Klassiker. Dort stehen oft Autos. \u00c4rgerlich ist es trotzdem. Immerhin hat die Werkstatt dort ja extra einen Parkplatz. <\/p>\n<p style=\"text-align:center;\"><img decoding=\"async\" src=\"http:\/\/www.andreas-edler.de\/grafik\/blog_2009\/20090926_einkaufen_gehweg.jpg\" width=\"470\" border=\"0\" alt=\"\" title=\"\"><\/p>\n<p> Aber wenn&#8217;s um&#8217;s Auto geht, ist sowieso jede R\u00fccksichtnahme fehl am Platz. Ich mu\u00df doch hier nach einer neuen Blechkiste gucken, da *mu\u00df* ich doch direkt daneben parken &#8211; auch hier ist 10 Meter weiter Fl\u00e4che vorhanden. <\/p>\n<p style=\"text-align:center;\"><img decoding=\"async\" src=\"http:\/\/www.andreas-edler.de\/grafik\/blog_2009\/20090926_werster_strasse.jpg\" width=\"470\" border=\"0\" alt=\"\" title=\"\"><\/p>\n<p> In dem Fall habe dachte ich zun\u00e4chst, die h\u00e4tten eine Panne. Wobei sie dann immer noch nicht mitten auf dem Radweg unter kompletter Blockierung desselben halten d\u00fcrften. Tats\u00e4chlich wurde sich aber wohl nur \u00fcber den Weg abgestimmt und danach fr\u00f6hlich weiter gefahren. Ja, da mussten Radfahrer absteigen und durch&#8217;s Gras schieben. Was soll sowas? <\/p>\n<p style=\"text-align:center;\"><img decoding=\"async\" src=\"http:\/\/www.andreas-edler.de\/grafik\/blog_2009\/20090926_vor_der_post.jpg\" width=\"470\" border=\"0\" alt=\"\" title=\"\"><\/p>\n<p> Aber was wundere ich mich? Selbst wenn Parkpl\u00e4tze vorhanden und frei sind, werden diese nicht genutzt. Es ist an der Stelle schon \u00e4tzend, wenn in zweiter Reihe geparkt wird, weil die Parkbuchten belegt sind, aber so wie in dem Bild ist meiner Meinung nach schon offensive Provokation.<\/p>\n<p>F\u00fcr die Bilder musste ich \u00fcbrigens nicht ein halbes Jahr sammeln, ist eh klar. Das ist nur eine kleine Auswahl aus dem letzten Monat und ich mache schon l\u00e4ngst nicht mehr so viele Bilder, wie ich Gehwegparker sehe.<\/p>\n","protected":false},"excerpt":{"rendered":"<p>Lange nichts \u00fcber die Verkehrsteilnehmer gemeckert ;-) Nicht weil es nichts zu meckern g\u00e4be &#8230; ich habe nur irgendwie keine Lust mehr. Da f\u00fchlt man sich wie Don Quijotte, nur dass es keine Windm\u00fchlen sind, sondern die Ignoranz oder &#8211; &hellip;<\/p>\n<p class=\"read-more\"> <a class=\"more-link\" href=\"https:\/\/www.andreas-edler.de\/blog\/2009\/09\/verkehrslagebericht\/\"> <span class=\"screen-reader-text\">Verkehrslagebericht<\/span> Weiterlesen &raquo;<\/a><\/p>\n","protected":false},"author":1,"featured_media":0,"comment_status":"open","ping_status":"open","sticky":false,"template":"","format":"standard","meta":{"ngg_post_thumbnail":0,"activitypub_content_warning":"","activitypub_content_visibility":"","activitypub_max_image_attachments":2,"activitypub_interaction_policy_quote":"anyone","activitypub_status":"","footnotes":""},"categories":[14,13],"tags":[],"class_list":["post-6931","post","type-post","status-publish","format-standard","hentry","category-bad-oeynhausen","category-verkehr"],"share_on_mastodon":{"url":"","error":""},"_links":{"self":[{"href":"https:\/\/www.andreas-edler.de\/blog\/wp-json\/wp\/v2\/posts\/6931","targetHints":{"allow":["GET"]}}],"collection":[{"href":"https:\/\/www.andreas-edler.de\/blog\/wp-json\/wp\/v2\/posts"}],"about":[{"href":"https:\/\/www.andreas-edler.de\/blog\/wp-json\/wp\/v2\/types\/post"}],"author":[{"embeddable":true,"href":"https:\/\/www.andreas-edler.de\/blog\/wp-json\/wp\/v2\/users\/1"}],"replies":[{"embeddable":true,"href":"https:\/\/www.andreas-edler.de\/blog\/wp-json\/wp\/v2\/comments?post=6931"}],"version-history":[{"count":0,"href":"https:\/\/www.andreas-edler.de\/blog\/wp-json\/wp\/v2\/posts\/6931\/revisions"}],"wp:attachment":[{"href":"https:\/\/www.andreas-edler.de\/blog\/wp-json\/wp\/v2\/media?parent=6931"}],"wp:term":[{"taxonomy":"category","embeddable":true,"href":"https:\/\/www.andreas-edler.de\/blog\/wp-json\/wp\/v2\/categories?post=6931"},{"taxonomy":"post_tag","embeddable":true,"href":"https:\/\/www.andreas-edler.de\/blog\/wp-json\/wp\/v2\/tags?post=6931"}],"curies":[{"name":"wp","href":"https:\/\/api.w.org\/{rel}","templated":true}]}}