{"id":6906,"date":"2009-08-30T22:15:00","date_gmt":"2009-08-30T21:15:00","guid":{"rendered":"http:\/\/www.andreas-edler.de\/blog\/2009\/08\/ausgezahlt\/"},"modified":"2013-04-27T09:00:31","modified_gmt":"2013-04-27T07:00:31","slug":"ausgezaehlt","status":"publish","type":"post","link":"https:\/\/www.andreas-edler.de\/blog\/2009\/08\/ausgezaehlt\/","title":{"rendered":"Ausgez\u00e4hlt"},"content":{"rendered":"<p>Der Wecker klingelte heute um halb 7 &#8230; an einem Sonntag! In einer Stunde sollte ich im Wahllokal in Eidinghausen aufschlagen, um meine Aufgabe Wahlzettelz\u00e4hler zu erledigen. Stellvertretender Wahlvorstand war ich sogar (hatte mir den Zettel gar nicht richtig angeguckt) und durfte daher die Urne bewachen und h\u00fcbsch auf und zu machen ;-) Nach einer kurzen Besprechung haben wir das Lokal um Punkt 8 Uhr er\u00f6ffnet und ich war ziemlich erstaunt, dass dann auch gleich die ersten 10 W\u00e4hler den Raum st\u00fcrmten. Waren alle gut gelaunt und &#8230; danach wurde es wieder ruhig. Die Leute kamen immer in Sch\u00fcben, entweder alle auf einmal, oder keiner.<\/p>\n<p>Gegen halb 11 hatten wir gerade einmal 10% Wahlbeteiligung. Skepsis. Allerdings besserte sich das rasch und 2 Stunden sp\u00e4ter war abzusehen, dass inkl. der Briefw\u00e4hler wohl an die 50% der Wahlberechtigten ihre Stimme abgeben w\u00fcrden. War dann auch so und als wir um 18 Uhr die Wahl beendeten und das Siegel der Urne gebrochen haben, wurde mir bewusst, dass ich wohl nicht p\u00fcnktlich zur Wahlparty kommen w\u00fcrde. <\/p>\n<p style=\"text-align:center;\"><img decoding=\"async\" src=\"http:\/\/www.andreas-edler.de\/grafik\/blog_2009\/20090830_wahlzettel.jpg\" width=\"470\" border=\"0\" alt=\"\" title=\"\"><\/p>\n<p> Gegen 21 Uhr habe ich das Wahllokal endlich verlassen &#8211; mit rasendKopfschmerzen vom krummen Sitzen in der abgestandenen Luft. Schnell zu Hause eine Tablette genommen und dann ins &#8222;Esszimmer&#8220; zu den Gr\u00fcnen. Immerhin habe ich versprochen mit dem Laptop die Ergebnisse vorzuf\u00fchren.<\/p>\n<p>Das klappte auch per Beamer prima und wir konnte uns \u00fcber respektable 9,28% und 4 Sitze im neuen Rat freuen. 3 weniger als beim letzten Mal, aber da sind wir auch noch zusammen mit dem B\u00fcrgerforum angetreten. Die haben inzwischen umfirmiert und bereits vorher die Fraktion verlassen, um diesesmal selbst anzutreten. Da zudem eine weitere B\u00fcrgerbewegung und die Linken angetreten sind, ist der geringe Stimmenverlust sogar als Erfolg zu werten. Und ich bin zudem hoch zufrieden, habe ich doch in meinem Wahlbezirk 9,39% erreicht und bin \u00fcber den Listenplatz in den Rat eingezogen.<\/p>\n<p>Bin gespannt und freue mich &#8230;<\/p>\n","protected":false},"excerpt":{"rendered":"<p>Der Wecker klingelte heute um halb 7 &#8230; an einem Sonntag! In einer Stunde sollte ich im Wahllokal in Eidinghausen aufschlagen, um meine Aufgabe Wahlzettelz\u00e4hler zu erledigen. Stellvertretender Wahlvorstand war ich sogar (hatte mir den Zettel gar nicht richtig angeguckt) &hellip;<\/p>\n<p class=\"read-more\"> <a class=\"more-link\" href=\"https:\/\/www.andreas-edler.de\/blog\/2009\/08\/ausgezaehlt\/\"> <span class=\"screen-reader-text\">Ausgez\u00e4hlt<\/span> Weiterlesen &raquo;<\/a><\/p>\n","protected":false},"author":1,"featured_media":0,"comment_status":"open","ping_status":"open","sticky":false,"template":"","format":"standard","meta":{"ngg_post_thumbnail":0,"activitypub_content_warning":"","activitypub_content_visibility":"","activitypub_max_image_attachments":2,"activitypub_interaction_policy_quote":"anyone","activitypub_status":"","footnotes":""},"categories":[14,45],"tags":[32,77],"class_list":["post-6906","post","type-post","status-publish","format-standard","hentry","category-bad-oeynhausen","category-politik","tag-gewinner","tag-stadtrat"],"share_on_mastodon":{"url":"","error":""},"_links":{"self":[{"href":"https:\/\/www.andreas-edler.de\/blog\/wp-json\/wp\/v2\/posts\/6906","targetHints":{"allow":["GET"]}}],"collection":[{"href":"https:\/\/www.andreas-edler.de\/blog\/wp-json\/wp\/v2\/posts"}],"about":[{"href":"https:\/\/www.andreas-edler.de\/blog\/wp-json\/wp\/v2\/types\/post"}],"author":[{"embeddable":true,"href":"https:\/\/www.andreas-edler.de\/blog\/wp-json\/wp\/v2\/users\/1"}],"replies":[{"embeddable":true,"href":"https:\/\/www.andreas-edler.de\/blog\/wp-json\/wp\/v2\/comments?post=6906"}],"version-history":[{"count":0,"href":"https:\/\/www.andreas-edler.de\/blog\/wp-json\/wp\/v2\/posts\/6906\/revisions"}],"wp:attachment":[{"href":"https:\/\/www.andreas-edler.de\/blog\/wp-json\/wp\/v2\/media?parent=6906"}],"wp:term":[{"taxonomy":"category","embeddable":true,"href":"https:\/\/www.andreas-edler.de\/blog\/wp-json\/wp\/v2\/categories?post=6906"},{"taxonomy":"post_tag","embeddable":true,"href":"https:\/\/www.andreas-edler.de\/blog\/wp-json\/wp\/v2\/tags?post=6906"}],"curies":[{"name":"wp","href":"https:\/\/api.w.org\/{rel}","templated":true}]}}