{"id":6890,"date":"2009-08-16T19:44:00","date_gmt":"2009-08-16T18:44:00","guid":{"rendered":"http:\/\/www.andreas-edler.de\/blog\/2009\/08\/weserkuss\/"},"modified":"2009-08-16T19:44:00","modified_gmt":"2009-08-16T18:44:00","slug":"weserkuss","status":"publish","type":"post","link":"https:\/\/www.andreas-edler.de\/blog\/2009\/08\/weserkuss\/","title":{"rendered":"Weserkuss"},"content":{"rendered":"<p>Papa &#038; Sohn waren heute mit dem Rad kreuz und quer unterwegs. Und wo Werre und Weser sich k\u00fcssen haben wir ein wenig gerastet. <\/p>\n<p style=\"text-align:center;font-size: 70%;\"><applet archive=\"http:\/\/www.andreas-edler.de\/ptviewer.jar\" code=\"ptviewer.class\" width=\"470\" height=\"350\"><param name=\"file\" value=\"http:\/\/www.andreas-edler.de\/grafik\/blog_2009\/20090816_weserkuss.jpg\"><\/applet><br \/>Ins Bild klicken, Maus ziehen und Landschaft genie\u00dfen &#8230;<\/p>\n<p> Wohnen wir hier nicht sch\u00f6n?<\/p>\n","protected":false},"excerpt":{"rendered":"<p>Papa &#038; Sohn waren heute mit dem Rad kreuz und quer unterwegs. Und wo Werre und Weser sich k\u00fcssen haben wir ein wenig gerastet. Ins Bild klicken, Maus ziehen und Landschaft genie\u00dfen &#8230; Wohnen wir hier nicht sch\u00f6n?<\/p>\n","protected":false},"author":1,"featured_media":0,"comment_status":"open","ping_status":"open","sticky":false,"template":"","format":"standard","meta":{"ngg_post_thumbnail":0,"activitypub_content_warning":"","activitypub_content_visibility":"","activitypub_max_image_attachments":2,"activitypub_interaction_policy_quote":"anyone","activitypub_status":"","footnotes":""},"categories":[14],"tags":[4],"class_list":["post-6890","post","type-post","status-publish","format-standard","hentry","category-bad-oeynhausen","tag-foto"],"share_on_mastodon":{"url":"","error":""},"_links":{"self":[{"href":"https:\/\/www.andreas-edler.de\/blog\/wp-json\/wp\/v2\/posts\/6890","targetHints":{"allow":["GET"]}}],"collection":[{"href":"https:\/\/www.andreas-edler.de\/blog\/wp-json\/wp\/v2\/posts"}],"about":[{"href":"https:\/\/www.andreas-edler.de\/blog\/wp-json\/wp\/v2\/types\/post"}],"author":[{"embeddable":true,"href":"https:\/\/www.andreas-edler.de\/blog\/wp-json\/wp\/v2\/users\/1"}],"replies":[{"embeddable":true,"href":"https:\/\/www.andreas-edler.de\/blog\/wp-json\/wp\/v2\/comments?post=6890"}],"version-history":[{"count":0,"href":"https:\/\/www.andreas-edler.de\/blog\/wp-json\/wp\/v2\/posts\/6890\/revisions"}],"wp:attachment":[{"href":"https:\/\/www.andreas-edler.de\/blog\/wp-json\/wp\/v2\/media?parent=6890"}],"wp:term":[{"taxonomy":"category","embeddable":true,"href":"https:\/\/www.andreas-edler.de\/blog\/wp-json\/wp\/v2\/categories?post=6890"},{"taxonomy":"post_tag","embeddable":true,"href":"https:\/\/www.andreas-edler.de\/blog\/wp-json\/wp\/v2\/tags?post=6890"}],"curies":[{"name":"wp","href":"https:\/\/api.w.org\/{rel}","templated":true}]}}