{"id":6878,"date":"2009-08-08T14:43:00","date_gmt":"2009-08-08T13:43:00","guid":{"rendered":"http:\/\/www.andreas-edler.de\/blog\/2009\/08\/wahlkampf\/"},"modified":"2009-08-08T14:43:00","modified_gmt":"2009-08-08T13:43:00","slug":"wahlkampf","status":"publish","type":"post","link":"https:\/\/www.andreas-edler.de\/blog\/2009\/08\/wahlkampf\/","title":{"rendered":"Wahlkampf"},"content":{"rendered":"<p>Heute morgen war ich ein paar Stunden im B\u00fcro. Danach ging ich die wenigen Meter in die Innenstadt, um dort am Wahlkampfstand der <a href=\"http:\/\/www.gruene-badoeynhausen.de\/\">Gr\u00fcnen<\/a> etwas Pr\u00e4senz zu zeigen und zu helfen. War wieder sch\u00f6n gro\u00df aufgebaut und die beiden Stehtische der SPD fielen dagegen kaum auf. Alle anderen haben sich an diesem Samstagvormittag in der Bad Oeynhausener Fu\u00dfg\u00e4ngerzone erst gar nicht gezeigt.<\/p>\n<p>Wir waren jedenfalls reichlich vertreten und haben das ein oder andere gute Gespr\u00e4ch gef\u00fchrt. <\/p>\n<p style=\"text-align:center;\"><img decoding=\"async\" src=\"http:\/\/www.andreas-edler.de\/grafik\/blog_2009\/20090808_wahlkampfstand_innenstadt.jpg\" width=\"470\" border=\"0\" alt=\"\"><\/p>\n<p> Ich war \u00fcberrascht, dass tats\u00e4chlich ein paar Leute anhielten und das Gespr\u00e4ch suchten. Am n\u00e4chsten Samstag geht es weiter.<\/p>\n","protected":false},"excerpt":{"rendered":"<p>Heute morgen war ich ein paar Stunden im B\u00fcro. Danach ging ich die wenigen Meter in die Innenstadt, um dort am Wahlkampfstand der Gr\u00fcnen etwas Pr\u00e4senz zu zeigen und zu helfen. War wieder sch\u00f6n gro\u00df aufgebaut und die beiden Stehtische &hellip;<\/p>\n<p class=\"read-more\"> <a class=\"more-link\" href=\"https:\/\/www.andreas-edler.de\/blog\/2009\/08\/wahlkampf\/\"> <span class=\"screen-reader-text\">Wahlkampf<\/span> Weiterlesen &raquo;<\/a><\/p>\n","protected":false},"author":1,"featured_media":0,"comment_status":"open","ping_status":"open","sticky":false,"template":"","format":"standard","meta":{"ngg_post_thumbnail":0,"activitypub_content_warning":"","activitypub_content_visibility":"","activitypub_max_image_attachments":2,"activitypub_interaction_policy_quote":"anyone","activitypub_status":"","footnotes":""},"categories":[14,45],"tags":[75],"class_list":["post-6878","post","type-post","status-publish","format-standard","hentry","category-bad-oeynhausen","category-politik","tag-grun"],"share_on_mastodon":{"url":"","error":""},"_links":{"self":[{"href":"https:\/\/www.andreas-edler.de\/blog\/wp-json\/wp\/v2\/posts\/6878","targetHints":{"allow":["GET"]}}],"collection":[{"href":"https:\/\/www.andreas-edler.de\/blog\/wp-json\/wp\/v2\/posts"}],"about":[{"href":"https:\/\/www.andreas-edler.de\/blog\/wp-json\/wp\/v2\/types\/post"}],"author":[{"embeddable":true,"href":"https:\/\/www.andreas-edler.de\/blog\/wp-json\/wp\/v2\/users\/1"}],"replies":[{"embeddable":true,"href":"https:\/\/www.andreas-edler.de\/blog\/wp-json\/wp\/v2\/comments?post=6878"}],"version-history":[{"count":0,"href":"https:\/\/www.andreas-edler.de\/blog\/wp-json\/wp\/v2\/posts\/6878\/revisions"}],"wp:attachment":[{"href":"https:\/\/www.andreas-edler.de\/blog\/wp-json\/wp\/v2\/media?parent=6878"}],"wp:term":[{"taxonomy":"category","embeddable":true,"href":"https:\/\/www.andreas-edler.de\/blog\/wp-json\/wp\/v2\/categories?post=6878"},{"taxonomy":"post_tag","embeddable":true,"href":"https:\/\/www.andreas-edler.de\/blog\/wp-json\/wp\/v2\/tags?post=6878"}],"curies":[{"name":"wp","href":"https:\/\/api.w.org\/{rel}","templated":true}]}}