{"id":68426,"date":"2014-04-21T20:57:43","date_gmt":"2014-04-21T18:57:43","guid":{"rendered":"http:\/\/www.andreas-edler.de\/blog\/?p=68426"},"modified":"2014-04-21T20:57:43","modified_gmt":"2014-04-21T18:57:43","slug":"gewitter-im-anmarsch","status":"publish","type":"post","link":"https:\/\/www.andreas-edler.de\/blog\/2014\/04\/gewitter-im-anmarsch\/","title":{"rendered":"Gewitter im Anmarsch"},"content":{"rendered":"<p>Das Haus ist wieder leer, die G\u00e4ste sind zu Hause. Und p\u00fcnktlich zieht sich im S\u00fcden der Himmel zu. Es sieht aus, als w\u00fcrde gleich der Weltuntergang kommen. Blitz zucken und es donnert! <figure id=\"attachment_68430\" aria-describedby=\"caption-attachment-68430\" style=\"width: 1024px\" class=\"wp-caption aligncenter\"><a href=\"http:\/\/www.andreas-edler.de\/blog\/wp-content\/uploads\/2014\/04\/Balkon_Richtung_Ebenoede.jpg\"><img loading=\"lazy\" decoding=\"async\" src=\"http:\/\/www.andreas-edler.de\/blog\/wp-content\/uploads\/2014\/04\/Balkon_Richtung_Ebenoede.jpg\" alt=\"Blick von unserem Balkon zur Eben\u00f6de\" width=\"1024\" height=\"230\" class=\"size-full wp-image-68430\" srcset=\"https:\/\/www.andreas-edler.de\/blog\/wp-content\/uploads\/2014\/04\/Balkon_Richtung_Ebenoede.jpg 1024w, https:\/\/www.andreas-edler.de\/blog\/wp-content\/uploads\/2014\/04\/Balkon_Richtung_Ebenoede-300x67.jpg 300w, https:\/\/www.andreas-edler.de\/blog\/wp-content\/uploads\/2014\/04\/Balkon_Richtung_Ebenoede-100x22.jpg 100w, https:\/\/www.andreas-edler.de\/blog\/wp-content\/uploads\/2014\/04\/Balkon_Richtung_Ebenoede-150x33.jpg 150w, https:\/\/www.andreas-edler.de\/blog\/wp-content\/uploads\/2014\/04\/Balkon_Richtung_Ebenoede-200x44.jpg 200w, https:\/\/www.andreas-edler.de\/blog\/wp-content\/uploads\/2014\/04\/Balkon_Richtung_Ebenoede-450x101.jpg 450w, https:\/\/www.andreas-edler.de\/blog\/wp-content\/uploads\/2014\/04\/Balkon_Richtung_Ebenoede-600x134.jpg 600w, https:\/\/www.andreas-edler.de\/blog\/wp-content\/uploads\/2014\/04\/Balkon_Richtung_Ebenoede-900x202.jpg 900w\" sizes=\"auto, (max-width: 1024px) 100vw, 1024px\" \/><\/a><figcaption id=\"caption-attachment-68430\" class=\"wp-caption-text\">Blick von unserem Balkon zur Eben\u00f6de<\/figcaption><\/figure><!--more--><br \/>\n <figure id=\"attachment_68432\" aria-describedby=\"caption-attachment-68432\" style=\"width: 1024px\" class=\"wp-caption aligncenter\"><a href=\"http:\/\/www.andreas-edler.de\/blog\/wp-content\/uploads\/2014\/04\/Balkon_Richtung_Vlotho.jpg\"><img loading=\"lazy\" decoding=\"async\" src=\"http:\/\/www.andreas-edler.de\/blog\/wp-content\/uploads\/2014\/04\/Balkon_Richtung_Vlotho.jpg\" alt=\"Blick vom Balkon Richtung Vlotho\" width=\"1024\" height=\"307\" class=\"size-full wp-image-68432\" srcset=\"https:\/\/www.andreas-edler.de\/blog\/wp-content\/uploads\/2014\/04\/Balkon_Richtung_Vlotho.jpg 1024w, https:\/\/www.andreas-edler.de\/blog\/wp-content\/uploads\/2014\/04\/Balkon_Richtung_Vlotho-300x89.jpg 300w, https:\/\/www.andreas-edler.de\/blog\/wp-content\/uploads\/2014\/04\/Balkon_Richtung_Vlotho-100x29.jpg 100w, https:\/\/www.andreas-edler.de\/blog\/wp-content\/uploads\/2014\/04\/Balkon_Richtung_Vlotho-150x44.jpg 150w, https:\/\/www.andreas-edler.de\/blog\/wp-content\/uploads\/2014\/04\/Balkon_Richtung_Vlotho-200x59.jpg 200w, https:\/\/www.andreas-edler.de\/blog\/wp-content\/uploads\/2014\/04\/Balkon_Richtung_Vlotho-450x134.jpg 450w, https:\/\/www.andreas-edler.de\/blog\/wp-content\/uploads\/2014\/04\/Balkon_Richtung_Vlotho-600x179.jpg 600w, https:\/\/www.andreas-edler.de\/blog\/wp-content\/uploads\/2014\/04\/Balkon_Richtung_Vlotho-900x269.jpg 900w\" sizes=\"auto, (max-width: 1024px) 100vw, 1024px\" \/><\/a><figcaption id=\"caption-attachment-68432\" class=\"wp-caption-text\">Blick vom Balkon Richtung Vlotho<\/figcaption><\/figure> Mehr als ein paar Tropfen Regen und ein bisschen Dunkelheit ist aber nicht dabei rum gekommen. Viel L\u00e4rm um nichts!<\/p>\n","protected":false},"excerpt":{"rendered":"<p>Das Haus ist wieder leer, die G\u00e4ste sind zu Hause. Und p\u00fcnktlich zieht sich im S\u00fcden der Himmel zu. Es sieht aus, als w\u00fcrde gleich der Weltuntergang kommen. Blitz zucken und es donnert!<\/p>\n","protected":false},"author":1,"featured_media":0,"comment_status":"open","ping_status":"open","sticky":false,"template":"","format":"standard","meta":{"ngg_post_thumbnail":0,"activitypub_content_warning":"","activitypub_content_visibility":"","activitypub_max_image_attachments":2,"activitypub_interaction_policy_quote":"anyone","activitypub_status":"","footnotes":""},"categories":[14],"tags":[4,53],"class_list":["post-68426","post","type-post","status-publish","format-standard","hentry","category-bad-oeynhausen","tag-foto","tag-wetter"],"share_on_mastodon":{"url":"","error":""},"_links":{"self":[{"href":"https:\/\/www.andreas-edler.de\/blog\/wp-json\/wp\/v2\/posts\/68426","targetHints":{"allow":["GET"]}}],"collection":[{"href":"https:\/\/www.andreas-edler.de\/blog\/wp-json\/wp\/v2\/posts"}],"about":[{"href":"https:\/\/www.andreas-edler.de\/blog\/wp-json\/wp\/v2\/types\/post"}],"author":[{"embeddable":true,"href":"https:\/\/www.andreas-edler.de\/blog\/wp-json\/wp\/v2\/users\/1"}],"replies":[{"embeddable":true,"href":"https:\/\/www.andreas-edler.de\/blog\/wp-json\/wp\/v2\/comments?post=68426"}],"version-history":[{"count":0,"href":"https:\/\/www.andreas-edler.de\/blog\/wp-json\/wp\/v2\/posts\/68426\/revisions"}],"wp:attachment":[{"href":"https:\/\/www.andreas-edler.de\/blog\/wp-json\/wp\/v2\/media?parent=68426"}],"wp:term":[{"taxonomy":"category","embeddable":true,"href":"https:\/\/www.andreas-edler.de\/blog\/wp-json\/wp\/v2\/categories?post=68426"},{"taxonomy":"post_tag","embeddable":true,"href":"https:\/\/www.andreas-edler.de\/blog\/wp-json\/wp\/v2\/tags?post=68426"}],"curies":[{"name":"wp","href":"https:\/\/api.w.org\/{rel}","templated":true}]}}