{"id":6839,"date":"2009-07-12T13:18:00","date_gmt":"2009-07-12T12:18:00","guid":{"rendered":"http:\/\/www.andreas-edler.de\/blog\/2009\/07\/werbung-im-fernsehen\/"},"modified":"2013-11-02T15:02:17","modified_gmt":"2013-11-02T14:02:17","slug":"werbung-im-fernsehen","status":"publish","type":"post","link":"https:\/\/www.andreas-edler.de\/blog\/2009\/07\/werbung-im-fernsehen\/","title":{"rendered":"Werbung im Fernsehen"},"content":{"rendered":"<p>Gestern habe ich f\u00fcr den Nachwuchs &#8222;Asterix der Gallier&#8220; von Sat1 aufgenommen &#8211; da steht der im Moment voll drauf. Ja, wirklich nur f\u00fcr den Sohn &#8211; ich mag &#8222;Asterix &#038; Obelix&#8220; nicht. Und wie ich das heute so neben dem Fr\u00fchst\u00fccken zurecht schneide, f\u00e4llt mir wieder einmal auf, mit wieviel Werbung uns das Fernsehen tats\u00e4chlich penetriert. Direkt auf dem Sofa geht das irgendwie unter, weil ich in Werbepausen rumzappe, auf&#8217;s Klo gehe oder was im Netz lese.<\/p>\n<p>Aber jetzt so grafisch in der Timeline von <a href=\"http:\/\/www.cuttermaran.de\/\">Cuttermaran<\/a> deutlich gemacht, finde ich&#8217;s erschreckend. <\/p>\n<p style=\"text-align:center;\"><img decoding=\"async\" src=\"http:\/\/www.andreas-edler.de\/grafik\/blog_2009\/20090712_asterix_werbung.gif\" width=\"470\" alt=\"\" border=\"0\"><\/p>\n","protected":false},"excerpt":{"rendered":"<p>Gestern habe ich f\u00fcr den Nachwuchs &#8222;Asterix der Gallier&#8220; von Sat1 aufgenommen &#8211; da steht der im Moment voll drauf. Ja, wirklich nur f\u00fcr den Sohn &#8211; ich mag &#8222;Asterix &#038; Obelix&#8220; nicht. Und wie ich das heute so neben &hellip;<\/p>\n<p class=\"read-more\"> <a class=\"more-link\" href=\"https:\/\/www.andreas-edler.de\/blog\/2009\/07\/werbung-im-fernsehen\/\"> <span class=\"screen-reader-text\">Werbung im Fernsehen<\/span> Weiterlesen &raquo;<\/a><\/p>\n","protected":false},"author":1,"featured_media":0,"comment_status":"open","ping_status":"open","sticky":false,"template":"","format":"standard","meta":{"ngg_post_thumbnail":0,"activitypub_content_warning":"","activitypub_content_visibility":"","activitypub_max_image_attachments":2,"activitypub_interaction_policy_quote":"anyone","activitypub_status":"","footnotes":""},"categories":[1],"tags":[12,223,23],"class_list":["post-6839","post","type-post","status-publish","format-standard","hentry","category-allgemein","tag-fernsehen","tag-werbung","tag-medien"],"share_on_mastodon":{"url":"","error":""},"_links":{"self":[{"href":"https:\/\/www.andreas-edler.de\/blog\/wp-json\/wp\/v2\/posts\/6839","targetHints":{"allow":["GET"]}}],"collection":[{"href":"https:\/\/www.andreas-edler.de\/blog\/wp-json\/wp\/v2\/posts"}],"about":[{"href":"https:\/\/www.andreas-edler.de\/blog\/wp-json\/wp\/v2\/types\/post"}],"author":[{"embeddable":true,"href":"https:\/\/www.andreas-edler.de\/blog\/wp-json\/wp\/v2\/users\/1"}],"replies":[{"embeddable":true,"href":"https:\/\/www.andreas-edler.de\/blog\/wp-json\/wp\/v2\/comments?post=6839"}],"version-history":[{"count":0,"href":"https:\/\/www.andreas-edler.de\/blog\/wp-json\/wp\/v2\/posts\/6839\/revisions"}],"wp:attachment":[{"href":"https:\/\/www.andreas-edler.de\/blog\/wp-json\/wp\/v2\/media?parent=6839"}],"wp:term":[{"taxonomy":"category","embeddable":true,"href":"https:\/\/www.andreas-edler.de\/blog\/wp-json\/wp\/v2\/categories?post=6839"},{"taxonomy":"post_tag","embeddable":true,"href":"https:\/\/www.andreas-edler.de\/blog\/wp-json\/wp\/v2\/tags?post=6839"}],"curies":[{"name":"wp","href":"https:\/\/api.w.org\/{rel}","templated":true}]}}