{"id":6823,"date":"2009-07-02T17:23:00","date_gmt":"2009-07-02T16:23:00","guid":{"rendered":"http:\/\/www.andreas-edler.de\/blog\/2009\/07\/kollerkommunikation\/"},"modified":"2009-07-02T17:23:00","modified_gmt":"2009-07-02T16:23:00","slug":"kollerkommunikation","status":"publish","type":"post","link":"https:\/\/www.andreas-edler.de\/blog\/2009\/07\/kollerkommunikation\/","title":{"rendered":"Kollerkommunikation"},"content":{"rendered":"<p>Aktuell wird in Bad Oeynhausen ziemlich viel dar\u00fcber lamentiert, wer was wann und wo gesagt hat, sagen durfte und wie es gemeint war. Auff\u00e4llig an der Sache ist, dass nur die Seite, welche offiziell kritisiert wurde, lautstark lamentiert wie ungerecht das alles sei. Und das auch noch in einem Ton, der mich an den zivilisierten Umgangsformen zweifeln l\u00e4sst.<\/p>\n<p>Leute, die mich quer \u00fcber die Stra\u00dfe mit &#8222;Eyyy, der Edler is&#8216; ja auch da &#8230;&#8220; anbr\u00fcllen, empfinde ich nicht als sonderlich h\u00f6flich. \u00c4hnliches Verhalten wurde mir schon mehrfach berichtet, insofern kann ich mir gut vorstellen (auch ohne in der fraglichen Ratssitzung anwesend gewesen zu sein), dass hier einfach nur ein kleiner Tropfen zum \u00dcberlaufen des Fasses gereicht hat.<\/p>\n<p>Wer sich derart in der \u00d6ffentlichkeit bewegt, hat ganz offensichtlich elementare Umgangsformen noch nicht gelernt. Wenn das die Versuche sind, eine Basis f\u00fcr eine fruchtbare Zusammenarbeit ab dem Herbst zu schaffen, dann wird es schwierig.<\/p>\n","protected":false},"excerpt":{"rendered":"<p>Aktuell wird in Bad Oeynhausen ziemlich viel dar\u00fcber lamentiert, wer was wann und wo gesagt hat, sagen durfte und wie es gemeint war. Auff\u00e4llig an der Sache ist, dass nur die Seite, welche offiziell kritisiert wurde, lautstark lamentiert wie ungerecht &hellip;<\/p>\n<p class=\"read-more\"> <a class=\"more-link\" href=\"https:\/\/www.andreas-edler.de\/blog\/2009\/07\/kollerkommunikation\/\"> <span class=\"screen-reader-text\">Kollerkommunikation<\/span> Weiterlesen &raquo;<\/a><\/p>\n","protected":false},"author":1,"featured_media":0,"comment_status":"open","ping_status":"open","sticky":false,"template":"","format":"standard","meta":{"ngg_post_thumbnail":0,"activitypub_content_warning":"","activitypub_content_visibility":"","activitypub_max_image_attachments":2,"activitypub_interaction_policy_quote":"anyone","activitypub_status":"","footnotes":""},"categories":[45],"tags":[63,34],"class_list":["post-6823","post","type-post","status-publish","format-standard","hentry","category-politik","tag-benehmen","tag-kommunikation"],"share_on_mastodon":{"url":"","error":""},"_links":{"self":[{"href":"https:\/\/www.andreas-edler.de\/blog\/wp-json\/wp\/v2\/posts\/6823","targetHints":{"allow":["GET"]}}],"collection":[{"href":"https:\/\/www.andreas-edler.de\/blog\/wp-json\/wp\/v2\/posts"}],"about":[{"href":"https:\/\/www.andreas-edler.de\/blog\/wp-json\/wp\/v2\/types\/post"}],"author":[{"embeddable":true,"href":"https:\/\/www.andreas-edler.de\/blog\/wp-json\/wp\/v2\/users\/1"}],"replies":[{"embeddable":true,"href":"https:\/\/www.andreas-edler.de\/blog\/wp-json\/wp\/v2\/comments?post=6823"}],"version-history":[{"count":0,"href":"https:\/\/www.andreas-edler.de\/blog\/wp-json\/wp\/v2\/posts\/6823\/revisions"}],"wp:attachment":[{"href":"https:\/\/www.andreas-edler.de\/blog\/wp-json\/wp\/v2\/media?parent=6823"}],"wp:term":[{"taxonomy":"category","embeddable":true,"href":"https:\/\/www.andreas-edler.de\/blog\/wp-json\/wp\/v2\/categories?post=6823"},{"taxonomy":"post_tag","embeddable":true,"href":"https:\/\/www.andreas-edler.de\/blog\/wp-json\/wp\/v2\/tags?post=6823"}],"curies":[{"name":"wp","href":"https:\/\/api.w.org\/{rel}","templated":true}]}}