{"id":6794,"date":"2009-06-11T11:57:00","date_gmt":"2009-06-11T10:57:00","guid":{"rendered":"http:\/\/www.andreas-edler.de\/blog\/2009\/06\/schuswaffengebrauch-bald-pflichtfach\/"},"modified":"2009-06-11T11:57:00","modified_gmt":"2009-06-11T10:57:00","slug":"schuswaffengebrauch-bald-pflichtfach","status":"publish","type":"post","link":"https:\/\/www.andreas-edler.de\/blog\/2009\/06\/schuswaffengebrauch-bald-pflichtfach\/","title":{"rendered":"Schu\u00dfwaffengebrauch bald Pflichtfach?"},"content":{"rendered":"<p>Der Gedanke dr\u00e4ngt sich auf, wenn man liest, was z.B. in Bayern passiert: <cite>Augsburger Allgemeine: <b><a href=\"http:\/\/www.augsburger-allgemeine.de\/Home\/Nachrichten\/Bayern\/Artikel,-Schiessstand-fuer-die-Hauptschule-_arid,1651562_regid,2_puid,2_pageid,4289.html\">Schie\u00dfstand in Hauptschule<\/a><\/b><br \/>&#8230; Ausgerechnet in der Turnhalle einer Hauptschule plant die Gemeinde Olching im Landkreis F\u00fcrstenfeldbruck einen Schie\u00dfstand f\u00fcr den Sch\u00fctzenverein. \u00abDer Beschluss wurde mit gro\u00dfer Mehrheit vom Gemeinderat gefasst\u00bb, sagte der Zweite B\u00fcrgermeister der Gemeinde, Robert Meier (CSU), am Mittwoch der Deutschen Presse-Agentur dpa und best\u00e4tigte einen Bericht des Bayerischen Rundfunks &#8230;<\/cite> Zwar handelt es sich hier zun\u00e4chst nur um Luftdruckwaffen, aber die laiersche Kinderpornosperre wird ja auch nur gegegn Kinderpornos genutzt werden.<\/p>\n<p>Ich <a href=\"http:\/\/www.andreas-edler.de\/2009\/05\/schiestande-schulen.php\">hatte \u00e4hnliches vorher schon mal gelesen<\/a>, bin jetzt aber durch den <a href=\"http:\/\/blog.fefe.de\/?ts=b4cee277\">fefe<\/a> noch einmal drauf gesto\u00dfen: <a href=\"http:\/\/www.derwesten.de\/nachrichten\/wp\/2009\/6\/9\/news-122287511\/detail.html\">das mit den Schie\u00dfst\u00e4nden an Schulen ist Gang und G\u00e4be. Normal quasi.<\/a> Klar, wenn die Lobby gro\u00df genug ist, dann kann man auch Kalaschnikovs in Grundschulen lagern.<\/p>\n<p>Interessant auch, was der <a href=\"http:\/\/unkreativ.net\">unkreative<\/a> in dem <a href=\"http:\/\/unkreativ.net\/wordpress\/?p=6069\">Zuammenhang<\/a> aktuell anprangert. Zurecht im \u00fcbrigen. Es ist absolut unertr\u00e4glich, wie hier mit zweierlei Ma\u00df gemessen wird.<\/p>\n<p>Ich bin daf\u00fcr, &#8222;Killerspiele&#8220; sofort zu verbieten und den alleinigen Besitz mit Zuchthaus und Einzelhaft bei Brot und Wasser zu bestrafen. Wie jeder wei\u00df, sind &#8222;Killerspiele&#8220; die Nummer 1 unter den Todesursachen hier in Deutschland. Reale Waffen und die Benutzung derselben tragen dagegen \u00fcberhaupt nicht zur Dezimierung der Bev\u00f6lkerung bei. Im Gegenteil, die wohlige Schwere einer Beretta in der Hand und deren beruhigende Schutzwirkung erzeugen eine gelassene Grundstimmung, die nur noch vom Anblick  putziger Maik\u00e4tzchen \u00fcbertroffen werden kann.<\/p>\n<p>Wann wachen <a href=\"http:\/\/tuesday23.blogspot.com\/2009\/06\/europawahl-2009.html\">die Leute<\/a> in Deutschland endlich auf?<\/p>\n","protected":false},"excerpt":{"rendered":"<p>Der Gedanke dr\u00e4ngt sich auf, wenn man liest, was z.B. in Bayern passiert: Augsburger Allgemeine: Schie\u00dfstand in Hauptschule&#8230; Ausgerechnet in der Turnhalle einer Hauptschule plant die Gemeinde Olching im Landkreis F\u00fcrstenfeldbruck einen Schie\u00dfstand f\u00fcr den Sch\u00fctzenverein. \u00abDer Beschluss wurde mit &hellip;<\/p>\n<p class=\"read-more\"> <a class=\"more-link\" href=\"https:\/\/www.andreas-edler.de\/blog\/2009\/06\/schuswaffengebrauch-bald-pflichtfach\/\"> <span class=\"screen-reader-text\">Schu\u00dfwaffengebrauch bald Pflichtfach?<\/span> Weiterlesen &raquo;<\/a><\/p>\n","protected":false},"author":1,"featured_media":0,"comment_status":"open","ping_status":"open","sticky":false,"template":"","format":"standard","meta":{"ngg_post_thumbnail":0,"activitypub_content_warning":"","activitypub_content_visibility":"","activitypub_max_image_attachments":2,"activitypub_interaction_policy_quote":"anyone","activitypub_status":"","footnotes":""},"categories":[45],"tags":[73,19],"class_list":["post-6794","post","type-post","status-publish","format-standard","hentry","category-politik","tag-recht","tag-tagesgeschehen"],"share_on_mastodon":{"url":"","error":""},"_links":{"self":[{"href":"https:\/\/www.andreas-edler.de\/blog\/wp-json\/wp\/v2\/posts\/6794","targetHints":{"allow":["GET"]}}],"collection":[{"href":"https:\/\/www.andreas-edler.de\/blog\/wp-json\/wp\/v2\/posts"}],"about":[{"href":"https:\/\/www.andreas-edler.de\/blog\/wp-json\/wp\/v2\/types\/post"}],"author":[{"embeddable":true,"href":"https:\/\/www.andreas-edler.de\/blog\/wp-json\/wp\/v2\/users\/1"}],"replies":[{"embeddable":true,"href":"https:\/\/www.andreas-edler.de\/blog\/wp-json\/wp\/v2\/comments?post=6794"}],"version-history":[{"count":0,"href":"https:\/\/www.andreas-edler.de\/blog\/wp-json\/wp\/v2\/posts\/6794\/revisions"}],"wp:attachment":[{"href":"https:\/\/www.andreas-edler.de\/blog\/wp-json\/wp\/v2\/media?parent=6794"}],"wp:term":[{"taxonomy":"category","embeddable":true,"href":"https:\/\/www.andreas-edler.de\/blog\/wp-json\/wp\/v2\/categories?post=6794"},{"taxonomy":"post_tag","embeddable":true,"href":"https:\/\/www.andreas-edler.de\/blog\/wp-json\/wp\/v2\/tags?post=6794"}],"curies":[{"name":"wp","href":"https:\/\/api.w.org\/{rel}","templated":true}]}}