{"id":6793,"date":"2009-06-10T19:43:00","date_gmt":"2009-06-10T18:43:00","guid":{"rendered":"http:\/\/www.andreas-edler.de\/blog\/2009\/06\/politikverdrossenheit\/"},"modified":"2009-06-10T19:43:00","modified_gmt":"2009-06-10T18:43:00","slug":"politikverdrossenheit","status":"publish","type":"post","link":"https:\/\/www.andreas-edler.de\/blog\/2009\/06\/politikverdrossenheit\/","title":{"rendered":"Politikverdrossenheit"},"content":{"rendered":"<p>Ich finde es sehr schade, wie <a href=\"http:\/\/tuesday23.blogspot.com\/2009\/06\/europawahl-2009.html\">manche jungen Leute \u00fcber &#8222;w\u00e4hlen gehen&#8220; denken<\/a>. Noch dazu mit der Diskreditierung vieler engagierter Menschen, f\u00fcr die Politik nunmal mehr ist als w\u00e4hlen gehen. Falsch, nicht nur f\u00fcr die ist es mehr, es ist f\u00fcr jeden mehr als nur sein Kreuzchen zu machen. Es ist die Weichenstellung f\u00fcr das ganz pers\u00f6nliche Wohl oder Wehe. Zumeist die einzige M\u00f6glichkeit die man hat.<\/p>\n<p>Und ganz ehrlich, wenn ich lese <cite>&#8230; Ich habe keine Ahnung von Politik und ich denke nicht das ich in der Lage bin mich zwischen den verschiedenen &#8222;Vereinen&#8220; zu entscheiden. Und mal ganz ehrlich: Ob nun ein Haufen manipulierbarer Idioten da irgendwo ein Kreuzchen macht oder ob in China ein Sack Reis umf\u00e4llt &#8230;<\/cite> dann f\u00fchle ich mich beleidigt und bin gleichzeitig traurig, wie sich manche Leute selbst einsch\u00e4tzen.<\/p>\n<p>Als ich den Blogeintrag eben gelesen habe, war ich richtiggehend entsetzt.<\/p>\n","protected":false},"excerpt":{"rendered":"<p>Ich finde es sehr schade, wie manche jungen Leute \u00fcber &#8222;w\u00e4hlen gehen&#8220; denken. Noch dazu mit der Diskreditierung vieler engagierter Menschen, f\u00fcr die Politik nunmal mehr ist als w\u00e4hlen gehen. Falsch, nicht nur f\u00fcr die ist es mehr, es ist &hellip;<\/p>\n<p class=\"read-more\"> <a class=\"more-link\" href=\"https:\/\/www.andreas-edler.de\/blog\/2009\/06\/politikverdrossenheit\/\"> <span class=\"screen-reader-text\">Politikverdrossenheit<\/span> Weiterlesen &raquo;<\/a><\/p>\n","protected":false},"author":1,"featured_media":0,"comment_status":"open","ping_status":"open","sticky":false,"template":"","format":"standard","meta":{"ngg_post_thumbnail":0,"activitypub_content_warning":"","activitypub_content_visibility":"","activitypub_max_image_attachments":2,"activitypub_interaction_policy_quote":"anyone","activitypub_status":"","footnotes":""},"categories":[18,45],"tags":[40,34],"class_list":["post-6793","post","type-post","status-publish","format-standard","hentry","category-fraglich","category-politik","tag-blogger","tag-kommunikation"],"share_on_mastodon":{"url":"","error":""},"_links":{"self":[{"href":"https:\/\/www.andreas-edler.de\/blog\/wp-json\/wp\/v2\/posts\/6793","targetHints":{"allow":["GET"]}}],"collection":[{"href":"https:\/\/www.andreas-edler.de\/blog\/wp-json\/wp\/v2\/posts"}],"about":[{"href":"https:\/\/www.andreas-edler.de\/blog\/wp-json\/wp\/v2\/types\/post"}],"author":[{"embeddable":true,"href":"https:\/\/www.andreas-edler.de\/blog\/wp-json\/wp\/v2\/users\/1"}],"replies":[{"embeddable":true,"href":"https:\/\/www.andreas-edler.de\/blog\/wp-json\/wp\/v2\/comments?post=6793"}],"version-history":[{"count":0,"href":"https:\/\/www.andreas-edler.de\/blog\/wp-json\/wp\/v2\/posts\/6793\/revisions"}],"wp:attachment":[{"href":"https:\/\/www.andreas-edler.de\/blog\/wp-json\/wp\/v2\/media?parent=6793"}],"wp:term":[{"taxonomy":"category","embeddable":true,"href":"https:\/\/www.andreas-edler.de\/blog\/wp-json\/wp\/v2\/categories?post=6793"},{"taxonomy":"post_tag","embeddable":true,"href":"https:\/\/www.andreas-edler.de\/blog\/wp-json\/wp\/v2\/tags?post=6793"}],"curies":[{"name":"wp","href":"https:\/\/api.w.org\/{rel}","templated":true}]}}