{"id":6772,"date":"2009-05-29T20:35:00","date_gmt":"2009-05-29T19:35:00","guid":{"rendered":"http:\/\/www.andreas-edler.de\/blog\/2009\/05\/blitzer-am-bielefelder-berg\/"},"modified":"2009-05-29T20:35:00","modified_gmt":"2009-05-29T19:35:00","slug":"blitzer-am-bielefelder-berg","status":"publish","type":"post","link":"https:\/\/www.andreas-edler.de\/blog\/2009\/05\/blitzer-am-bielefelder-berg\/","title":{"rendered":"Blitzer am Bielefelder Berg"},"content":{"rendered":"<p>Ich habe hier noch dutzende von Seiten in meinem &#8222;Last Read&#8220;-AddOn, die ich alle mal kommentieren wollte. Zwei Dutzend habe ich gerade wegen mangelnder Aktualit\u00e4t nach Sekunden gel\u00f6scht. Den Herrn, der sich \u00fcber den neuen Bielefelder-Super-Blitzer mokiert, wollte ich allerdings nicht unerw\u00e4hnt lassen: <cite>NW vom 20.05.2009: <b><a href=\"http:\/\/www.nw-news.de\/lokale_news\/bielefeld\/bielefeld\/2951323_Eine_reine_Geldmaschine.html\">Der R\u00e4cher der Geblitzten<\/a><\/b><br \/>&#8230; Unter diesen Gesichtspunkten hat er sich den Bielefelder Blitzer auf der Autobahn 2 angesehen. &#8222;Das ist eine kurvige Strecke, die Gefahren in sich birgt.&#8220; Allerdings lenke das Hinweisschild &#8222;Talbr\u00fccke L\u00e4mershagen&#8220; die Autofahrer von der Messstelle ab. &#8222;Der Blitzer ist zwar angek\u00fcndigt, aber auf einem viel zu kleinen Schild&#8220;, kritisiert seine Begleiterin. &#8222;Das ist eine reine Geldmaschine.&#8220; Dann wieder allgemeine Erkl\u00e4rungen: &#8222;Bestrafung ist immer die zweitbeste L\u00f6sung. Wir m\u00fcssen dahin kommen, dass die Leute aus Einsicht sicherer fahren.&#8220; &#8230;<\/cite> Ein Hinweisschild lenkt die Autofahrer also ab. Ein Hinweisschild am Stra\u00dfenrand? Und der Blitzer ist zu klein angek\u00fcndigt?<\/p>\n<p>Wenn ich dort entlang fahre, kann ich die Geschwindigkeitsbegrenzungsschilder bestens erkennen. Und die sind ma\u00dfgeblich f\u00fcr meine Geschwindigkeit. Nicht das Schild, welches mich auf einen Blitzer hinweist. Sind Sie, Herr Erdhaus, der Meinung, Autofahrer halten sich nur dann an Geschwindigkeitsbegrenzungen, wenn gleichzeitig jemand mit dem Finger droht? Und lassen Sie sich von einem Hinweisschild soweit ablenken, dass Sie Ihre Geschwindigkeit nicht einhalten k\u00f6nnen?<\/p>\n<p>\u00dcber Menschen wie Herrn Erdhaus kann ich nur den Kopf sch\u00fctteln. Es liegt doch in der Hand jedes individuellen Autofahrers, ob er sich blitzen l\u00e4sst oder nicht. Es ist seine alleinige, freie Entscheidung, er hat es komplett in seiner ureigenen Verantwortung. Mich \u00e4rgert nicht eine einzige Blitzanlage &#8211; gar keine. Ich brauche auch keine Blitzerwarner, weder im Navi, noch im Radio. Und die Kommunen verdienen auf diese Weise mit mir auch kein Geld. Es ist echt sowas von einfach nicht geblitzt zu werden. Von mir aus kann alle 3 Kilometer ein Blitzer am Stra\u00dfenrand stehen &#8211; und ganz ehrlich: dann g\u00e4be es auch weniger Unf\u00e4lle, weniger Verletzte und weniger Tote!<\/p>\n","protected":false},"excerpt":{"rendered":"<p>Ich habe hier noch dutzende von Seiten in meinem &#8222;Last Read&#8220;-AddOn, die ich alle mal kommentieren wollte. Zwei Dutzend habe ich gerade wegen mangelnder Aktualit\u00e4t nach Sekunden gel\u00f6scht. Den Herrn, der sich \u00fcber den neuen Bielefelder-Super-Blitzer mokiert, wollte ich allerdings &hellip;<\/p>\n<p class=\"read-more\"> <a class=\"more-link\" href=\"https:\/\/www.andreas-edler.de\/blog\/2009\/05\/blitzer-am-bielefelder-berg\/\"> <span class=\"screen-reader-text\">Blitzer am Bielefelder Berg<\/span> Weiterlesen &raquo;<\/a><\/p>\n","protected":false},"author":1,"featured_media":0,"comment_status":"open","ping_status":"open","sticky":false,"template":"","format":"standard","meta":{"ngg_post_thumbnail":0,"activitypub_content_warning":"","activitypub_content_visibility":"","activitypub_max_image_attachments":2,"activitypub_interaction_policy_quote":"anyone","activitypub_status":"","footnotes":""},"categories":[13],"tags":[37],"class_list":["post-6772","post","type-post","status-publish","format-standard","hentry","category-verkehr","tag-auto"],"share_on_mastodon":{"url":"","error":""},"_links":{"self":[{"href":"https:\/\/www.andreas-edler.de\/blog\/wp-json\/wp\/v2\/posts\/6772","targetHints":{"allow":["GET"]}}],"collection":[{"href":"https:\/\/www.andreas-edler.de\/blog\/wp-json\/wp\/v2\/posts"}],"about":[{"href":"https:\/\/www.andreas-edler.de\/blog\/wp-json\/wp\/v2\/types\/post"}],"author":[{"embeddable":true,"href":"https:\/\/www.andreas-edler.de\/blog\/wp-json\/wp\/v2\/users\/1"}],"replies":[{"embeddable":true,"href":"https:\/\/www.andreas-edler.de\/blog\/wp-json\/wp\/v2\/comments?post=6772"}],"version-history":[{"count":0,"href":"https:\/\/www.andreas-edler.de\/blog\/wp-json\/wp\/v2\/posts\/6772\/revisions"}],"wp:attachment":[{"href":"https:\/\/www.andreas-edler.de\/blog\/wp-json\/wp\/v2\/media?parent=6772"}],"wp:term":[{"taxonomy":"category","embeddable":true,"href":"https:\/\/www.andreas-edler.de\/blog\/wp-json\/wp\/v2\/categories?post=6772"},{"taxonomy":"post_tag","embeddable":true,"href":"https:\/\/www.andreas-edler.de\/blog\/wp-json\/wp\/v2\/tags?post=6772"}],"curies":[{"name":"wp","href":"https:\/\/api.w.org\/{rel}","templated":true}]}}