{"id":6770,"date":"2009-05-29T15:34:00","date_gmt":"2009-05-29T14:34:00","guid":{"rendered":"http:\/\/www.andreas-edler.de\/blog\/2009\/05\/1-euro-jobs\/"},"modified":"2009-05-29T15:34:00","modified_gmt":"2009-05-29T14:34:00","slug":"1-euro-jobs","status":"publish","type":"post","link":"https:\/\/www.andreas-edler.de\/blog\/2009\/05\/1-euro-jobs\/","title":{"rendered":"1-Euro-Jobs"},"content":{"rendered":"<p><cite>Focus: <b><a href=\"http:\/\/www.focus.de\/karriere\/berufsleben\/hartz-iv-ein-euro-jobs-kosten-regulaere-arbeitspaetze_aid_403621.html\">1-Euro-Jobs kosten regul\u00e4re Arbeitspl\u00e4tze<\/a><\/b><br \/>&#8230; Eine Umfrage im Auftrag der Bundesagentur f\u00fcr Arbeit (BA) unter 1-Euro-Jobbern habe ergeben, dass 45 Prozent der Befragten die gleiche Arbeit machten wie fest angestellte Kollegen, berichtete die \u201eFrankfurter Rundschau\u201c vom Freitag. Damit verdr\u00e4ngte fast jeder zweite 1-Euro-Jobber regul\u00e4re Besch\u00e4ftigung und versto\u00dfe gegen die gesetzlichen Vorschriften. Jeder vierte gab an, f\u00fcr den 1-Euro-Job sei eine abgeschlossene Ausbildung erforderlich &#8230;<\/cite> Wer konnte damit rechnen? Ich bin grenzenlos erstaunt \u00fcber diese Feststellung. Jetzt fehlt nur noch, dass die Erde gar keine Scheibe ist.<\/p>\n<p>Selbstverst\u00e4ndlich gehen 1-Euro-Jobs zu Lasten des regul\u00e4ren Arbeitsmarktes. Hat da jemals irgendwer anderes behauptet? Die Leute, die z.B. in der Radstation arbeiten, m\u00fcssen das was sie machen doch auch irgendwie gelernt haben. Und ich finde gut, dass es die Radstation gibt, ich finde gut, dass es dort Arbeitspl\u00e4tze gibt. Ich finde nur, dass die mit 1 Euro deutlich zu schlecht bezahlt sind. Und das habe ich auch in Gespr\u00e4chen bei der Er\u00f6ffnung der Station gesagt.<\/p>\n<p>Das Problem ist nur, dass niemand mehr f\u00fcr Leistung bezahlen will. Alles umsonst, Geiz ist geil. Und dann kommt ganz hinten sowas wie 1-Euro-Jobs dabei heraus &#8211; und es gibt sogar noch Parteien, die darauf stolz sind.<\/p>\n","protected":false},"excerpt":{"rendered":"<p>Focus: 1-Euro-Jobs kosten regul\u00e4re Arbeitspl\u00e4tze&#8230; Eine Umfrage im Auftrag der Bundesagentur f\u00fcr Arbeit (BA) unter 1-Euro-Jobbern habe ergeben, dass 45 Prozent der Befragten die gleiche Arbeit machten wie fest angestellte Kollegen, berichtete die \u201eFrankfurter Rundschau\u201c vom Freitag. Damit verdr\u00e4ngte fast &hellip;<\/p>\n<p class=\"read-more\"> <a class=\"more-link\" href=\"https:\/\/www.andreas-edler.de\/blog\/2009\/05\/1-euro-jobs\/\"> <span class=\"screen-reader-text\">1-Euro-Jobs<\/span> Weiterlesen &raquo;<\/a><\/p>\n","protected":false},"author":1,"featured_media":0,"comment_status":"open","ping_status":"open","sticky":false,"template":"","format":"standard","meta":{"ngg_post_thumbnail":0,"activitypub_content_warning":"","activitypub_content_visibility":"","activitypub_max_image_attachments":2,"activitypub_interaction_policy_quote":"anyone","activitypub_status":"","footnotes":""},"categories":[45],"tags":[48,51,19],"class_list":["post-6770","post","type-post","status-publish","format-standard","hentry","category-politik","tag-arbeit","tag-geld","tag-tagesgeschehen"],"share_on_mastodon":{"url":"","error":""},"_links":{"self":[{"href":"https:\/\/www.andreas-edler.de\/blog\/wp-json\/wp\/v2\/posts\/6770","targetHints":{"allow":["GET"]}}],"collection":[{"href":"https:\/\/www.andreas-edler.de\/blog\/wp-json\/wp\/v2\/posts"}],"about":[{"href":"https:\/\/www.andreas-edler.de\/blog\/wp-json\/wp\/v2\/types\/post"}],"author":[{"embeddable":true,"href":"https:\/\/www.andreas-edler.de\/blog\/wp-json\/wp\/v2\/users\/1"}],"replies":[{"embeddable":true,"href":"https:\/\/www.andreas-edler.de\/blog\/wp-json\/wp\/v2\/comments?post=6770"}],"version-history":[{"count":0,"href":"https:\/\/www.andreas-edler.de\/blog\/wp-json\/wp\/v2\/posts\/6770\/revisions"}],"wp:attachment":[{"href":"https:\/\/www.andreas-edler.de\/blog\/wp-json\/wp\/v2\/media?parent=6770"}],"wp:term":[{"taxonomy":"category","embeddable":true,"href":"https:\/\/www.andreas-edler.de\/blog\/wp-json\/wp\/v2\/categories?post=6770"},{"taxonomy":"post_tag","embeddable":true,"href":"https:\/\/www.andreas-edler.de\/blog\/wp-json\/wp\/v2\/tags?post=6770"}],"curies":[{"name":"wp","href":"https:\/\/api.w.org\/{rel}","templated":true}]}}