{"id":6766,"date":"2009-05-27T21:31:00","date_gmt":"2009-05-27T20:31:00","guid":{"rendered":"http:\/\/www.andreas-edler.de\/blog\/2009\/05\/helix-h-205\/"},"modified":"2009-05-27T21:31:00","modified_gmt":"2009-05-27T20:31:00","slug":"helix-h-205","status":"publish","type":"post","link":"https:\/\/www.andreas-edler.de\/blog\/2009\/05\/helix-h-205\/","title":{"rendered":"Helix H 205"},"content":{"rendered":"<p>Ich war ja mit meinen Lautsprechern im Volvo ganz zufrieden. Die <a href=\"http:\/\/www.andreas-edler.de\/v40_anlage.php\">Audax VP 130 G0<\/a> in den T\u00fcren klangen schon voll und warm. Trotz des g\u00fcnstigen Preises ein echt sch\u00f6nes Chassis. Leider mit einem ziemlich weichen Kunststoffkorb. Und genau der scheint dazu zu f\u00fchren, dass bei senkrechter Montage in Autot\u00fcren die Zentrierung der Magnetspule nicht sooo lange zentriert bleibt.<\/p>\n<div class=\"bild\"><img decoding=\"async\" src=\"http:\/\/www.andreas-edler.de\/grafik\/blog_2009\/20090527_helix1.jpg\" width=\"250\" border=\"0\" alt=\"Helix H 205\" title=\"Helix H 205\"><\/div>\n<p>Aus der rechten T\u00fcr kr\u00e4chzte es in der letzten Zeit immer vernehmlicher. Und das obwohl ich eigentlich so gut wie nie das Radio anhabe &#8211; wenn, dann soll es auch ordentlich klingen!<\/p>\n<p>Und nur die kleinen 10cm Koaxe im Armaturenbrett ist echt zu d\u00fcnn. Also Ersatzbeschaffung. Ich habe hin und her gesucht und bin schlie\u00dflich bei Helix f\u00fcndig geworden. Die 13er Tief\/Mittelt\u00f6ner passen prima in die T\u00fcr, haben einen *deutlich* massiveren Korb und einen gr\u00f6\u00dferes Magnetsystem. Statt Polypropylen ist steifes Papier der Werkstoff des Konus und die Sicke ist aus einem stabilen Gummi. Fast sich also ordentlich an!<\/p>\n<p>Flugs eingebaut und &#8230; Erstaunen! Ich h\u00e4tte nicht gedacht, dass das so voll klingt. Die Audaxe waren wirklich gut, aber die Helix k\u00f6nnen (immer die Gr\u00f6\u00dfe ber\u00fccksichtigen) richtig dr\u00fccken. Das ist tats\u00e4chlich ansatzweise &#8222;Bass&#8220; zu nennen. Nicht mein gr\u00f6\u00dftes Anliegen gewesen, aber trotzdem erw\u00e4hnenswert: ich kann mit den kleinen Dingern deutlich lauter h\u00f6ren. Vor Jahren habe ich schon den 20er Sub aus dem Auto genommen, weil ich diese &#8222;BummBummBumm&#8220; nicht mehr am Kopf haben kann &#8211; Tinnitus l\u00e4sst gr\u00fc\u00dfen &#8211; aber eben habe ich da wieder richtig Lust drauf bekommen ;-) <\/p>\n<p style=\"text-align:center;\"><img decoding=\"async\" src=\"http:\/\/www.andreas-edler.de\/grafik\/blog_2009\/20090527_helix2.jpg\" width=\"470\" border=\"0\" alt=\"Helix H 205\" title=\"Helix H 205\"><\/p>\n","protected":false},"excerpt":{"rendered":"<p>Ich war ja mit meinen Lautsprechern im Volvo ganz zufrieden. Die Audax VP 130 G0 in den T\u00fcren klangen schon voll und warm. Trotz des g\u00fcnstigen Preises ein echt sch\u00f6nes Chassis. Leider mit einem ziemlich weichen Kunststoffkorb. Und genau der &hellip;<\/p>\n<p class=\"read-more\"> <a class=\"more-link\" href=\"https:\/\/www.andreas-edler.de\/blog\/2009\/05\/helix-h-205\/\"> <span class=\"screen-reader-text\">Helix H 205<\/span> Weiterlesen &raquo;<\/a><\/p>\n","protected":false},"author":1,"featured_media":0,"comment_status":"open","ping_status":"open","sticky":false,"template":"","format":"standard","meta":{"ngg_post_thumbnail":0,"activitypub_content_warning":"","activitypub_content_visibility":"","activitypub_max_image_attachments":2,"activitypub_interaction_policy_quote":"anyone","activitypub_status":"","footnotes":""},"categories":[22],"tags":[37,29],"class_list":["post-6766","post","type-post","status-publish","format-standard","hentry","category-basteln","tag-auto","tag-musik"],"share_on_mastodon":{"url":"","error":""},"_links":{"self":[{"href":"https:\/\/www.andreas-edler.de\/blog\/wp-json\/wp\/v2\/posts\/6766","targetHints":{"allow":["GET"]}}],"collection":[{"href":"https:\/\/www.andreas-edler.de\/blog\/wp-json\/wp\/v2\/posts"}],"about":[{"href":"https:\/\/www.andreas-edler.de\/blog\/wp-json\/wp\/v2\/types\/post"}],"author":[{"embeddable":true,"href":"https:\/\/www.andreas-edler.de\/blog\/wp-json\/wp\/v2\/users\/1"}],"replies":[{"embeddable":true,"href":"https:\/\/www.andreas-edler.de\/blog\/wp-json\/wp\/v2\/comments?post=6766"}],"version-history":[{"count":0,"href":"https:\/\/www.andreas-edler.de\/blog\/wp-json\/wp\/v2\/posts\/6766\/revisions"}],"wp:attachment":[{"href":"https:\/\/www.andreas-edler.de\/blog\/wp-json\/wp\/v2\/media?parent=6766"}],"wp:term":[{"taxonomy":"category","embeddable":true,"href":"https:\/\/www.andreas-edler.de\/blog\/wp-json\/wp\/v2\/categories?post=6766"},{"taxonomy":"post_tag","embeddable":true,"href":"https:\/\/www.andreas-edler.de\/blog\/wp-json\/wp\/v2\/tags?post=6766"}],"curies":[{"name":"wp","href":"https:\/\/api.w.org\/{rel}","templated":true}]}}