{"id":6749,"date":"2009-05-17T13:52:00","date_gmt":"2009-05-17T12:52:00","guid":{"rendered":"http:\/\/www.andreas-edler.de\/blog\/2009\/05\/aus-der-geschichte-lernen\/"},"modified":"2009-05-17T13:52:00","modified_gmt":"2009-05-17T12:52:00","slug":"aus-der-geschichte-lernen","status":"publish","type":"post","link":"https:\/\/www.andreas-edler.de\/blog\/2009\/05\/aus-der-geschichte-lernen\/","title":{"rendered":"Aus der Geschichte lernen"},"content":{"rendered":"<p>Es scheint f\u00fcr viele Menschen nicht leicht zu sein, vergangene Geschehnisse auf aktuelle Ereignisse anzuwenden. Anders kann ich mir sowetwas nicht erkl\u00e4ren: <cite>Welt am Sonntag: <b><a href=\"http:\/\/www.welt.de\/wams_print\/article3753604\/92-Prozent-der-Deutschen-fuer-Sperrungen-im-Internet.html\"> 92 Prozent der Deutschen f\u00fcr Sperrungen im Internet<\/a><\/b><br \/>&#8230; Im Auftrag der Kinderhilfe f\u00fchrte das Meinungsforschungsinstitut Infratest Dimap eine repr\u00e4sentative Umfrage durch. Heraus kam ein erstaunlich klares Ergebnis, das der &#8222;Welt am Sonntag&#8220; exklusiv vorliegt: 92 Prozent der Befragten gaben an, f\u00fcr eine Sperrung der einschl\u00e4gigen Seiten im Internet zu sein, sieben Prozent sprachen sich dagegen aus, ein Prozent machte keine Angabe&#8230;<\/cite> So ist das, wenn von den Medien keine Aufkl\u00e4rung  mehr betrieben wird, sondern nur noch gleichlautende Agenturmeldungen unkommentiert und vor allen Dingen unreflektiert heraus gepustet werden.<\/p>\n","protected":false},"excerpt":{"rendered":"<p>Es scheint f\u00fcr viele Menschen nicht leicht zu sein, vergangene Geschehnisse auf aktuelle Ereignisse anzuwenden. Anders kann ich mir sowetwas nicht erkl\u00e4ren: Welt am Sonntag: 92 Prozent der Deutschen f\u00fcr Sperrungen im Internet&#8230; Im Auftrag der Kinderhilfe f\u00fchrte das Meinungsforschungsinstitut &hellip;<\/p>\n<p class=\"read-more\"> <a class=\"more-link\" href=\"https:\/\/www.andreas-edler.de\/blog\/2009\/05\/aus-der-geschichte-lernen\/\"> <span class=\"screen-reader-text\">Aus der Geschichte lernen<\/span> Weiterlesen &raquo;<\/a><\/p>\n","protected":false},"author":1,"featured_media":0,"comment_status":"open","ping_status":"open","sticky":false,"template":"","format":"standard","meta":{"ngg_post_thumbnail":0,"activitypub_content_warning":"","activitypub_content_visibility":"","activitypub_max_image_attachments":2,"activitypub_interaction_policy_quote":"anyone","activitypub_status":"","footnotes":""},"categories":[18,45],"tags":[23,6],"class_list":["post-6749","post","type-post","status-publish","format-standard","hentry","category-fraglich","category-politik","tag-medien","tag-web"],"share_on_mastodon":{"url":"","error":""},"_links":{"self":[{"href":"https:\/\/www.andreas-edler.de\/blog\/wp-json\/wp\/v2\/posts\/6749","targetHints":{"allow":["GET"]}}],"collection":[{"href":"https:\/\/www.andreas-edler.de\/blog\/wp-json\/wp\/v2\/posts"}],"about":[{"href":"https:\/\/www.andreas-edler.de\/blog\/wp-json\/wp\/v2\/types\/post"}],"author":[{"embeddable":true,"href":"https:\/\/www.andreas-edler.de\/blog\/wp-json\/wp\/v2\/users\/1"}],"replies":[{"embeddable":true,"href":"https:\/\/www.andreas-edler.de\/blog\/wp-json\/wp\/v2\/comments?post=6749"}],"version-history":[{"count":0,"href":"https:\/\/www.andreas-edler.de\/blog\/wp-json\/wp\/v2\/posts\/6749\/revisions"}],"wp:attachment":[{"href":"https:\/\/www.andreas-edler.de\/blog\/wp-json\/wp\/v2\/media?parent=6749"}],"wp:term":[{"taxonomy":"category","embeddable":true,"href":"https:\/\/www.andreas-edler.de\/blog\/wp-json\/wp\/v2\/categories?post=6749"},{"taxonomy":"post_tag","embeddable":true,"href":"https:\/\/www.andreas-edler.de\/blog\/wp-json\/wp\/v2\/tags?post=6749"}],"curies":[{"name":"wp","href":"https:\/\/api.w.org\/{rel}","templated":true}]}}