{"id":6724,"date":"2009-05-02T21:39:00","date_gmt":"2009-05-02T20:39:00","guid":{"rendered":"http:\/\/www.andreas-edler.de\/blog\/2009\/05\/fahrten-im-schnee\/"},"modified":"2013-11-02T15:06:17","modified_gmt":"2013-11-02T14:06:17","slug":"fahrten-im-schnee","status":"publish","type":"post","link":"https:\/\/www.andreas-edler.de\/blog\/2009\/05\/fahrten-im-schnee\/","title":{"rendered":"F\u00e4hrten im Schnee"},"content":{"rendered":"<p>Wei\u00df jemand welches Tier solche Spuren macht? L\u00e4nge der Spur ist IIRC so circa. 10 Zentimeter &#8230; <\/p>\n<p style=\"text-align:center;\"><a href=\"http:\/\/picasaweb.google.com\/a.edler\/April2009UrlaubInFaulenseeSchweiz?feat=embedwebsite#5331305626099051106\"><img decoding=\"async\" src=\"http:\/\/lh5.ggpht.com\/_LIYkV8oCEP0\/SfyaOHCs6mI\/AAAAAAAAHeo\/xu_swkMuh-4\/s400\/DSCF9472.JPG\" border=\"0\" \/><\/a><\/p>\n<p> &#8217;n Hund scheidet wohl aus, weil da oben im Berg keine dazugeh\u00f6rigen Fu\u00dfspuren zu sehen waren.<\/p>\n<p>Hm, k\u00f6nnte es ein <a href=\"http:\/\/www.luchs-in-hessen.de\/trittsiegel.html\">Luchs<\/a> gewesen sein? Die Spur sieht katzenartig aus und Luchse gibt es in der Schweiz. Lebensraum ist der Wald bis hinauf zur Baumgrenze und genau dort waren ja auch die Spuren. Und <a href=\"http:\/\/www.kora.ch\/mapcenter\/index.html?th=lynx*alps*distrib&#038;size=small\">es gibt in der Gegend Luchse<\/a>.<\/p>\n","protected":false},"excerpt":{"rendered":"<p>Wei\u00df jemand welches Tier solche Spuren macht? L\u00e4nge der Spur ist IIRC so circa. 10 Zentimeter &#8230; &#8217;n Hund scheidet wohl aus, weil da oben im Berg keine dazugeh\u00f6rigen Fu\u00dfspuren zu sehen waren. Hm, k\u00f6nnte es ein Luchs gewesen sein? &hellip;<\/p>\n<p class=\"read-more\"> <a class=\"more-link\" href=\"https:\/\/www.andreas-edler.de\/blog\/2009\/05\/fahrten-im-schnee\/\"> <span class=\"screen-reader-text\">F\u00e4hrten im Schnee<\/span> Weiterlesen &raquo;<\/a><\/p>\n","protected":false},"author":1,"featured_media":0,"comment_status":"open","ping_status":"open","sticky":false,"template":"","format":"standard","meta":{"ngg_post_thumbnail":0,"activitypub_content_warning":"","activitypub_content_visibility":"","activitypub_max_image_attachments":2,"activitypub_interaction_policy_quote":"anyone","activitypub_status":"","footnotes":""},"categories":[1],"tags":[3,70,5],"class_list":["post-6724","post","type-post","status-publish","format-standard","hentry","category-allgemein","tag-reise","tag-umwelt","tag-unterwegs"],"share_on_mastodon":{"url":"","error":""},"_links":{"self":[{"href":"https:\/\/www.andreas-edler.de\/blog\/wp-json\/wp\/v2\/posts\/6724","targetHints":{"allow":["GET"]}}],"collection":[{"href":"https:\/\/www.andreas-edler.de\/blog\/wp-json\/wp\/v2\/posts"}],"about":[{"href":"https:\/\/www.andreas-edler.de\/blog\/wp-json\/wp\/v2\/types\/post"}],"author":[{"embeddable":true,"href":"https:\/\/www.andreas-edler.de\/blog\/wp-json\/wp\/v2\/users\/1"}],"replies":[{"embeddable":true,"href":"https:\/\/www.andreas-edler.de\/blog\/wp-json\/wp\/v2\/comments?post=6724"}],"version-history":[{"count":0,"href":"https:\/\/www.andreas-edler.de\/blog\/wp-json\/wp\/v2\/posts\/6724\/revisions"}],"wp:attachment":[{"href":"https:\/\/www.andreas-edler.de\/blog\/wp-json\/wp\/v2\/media?parent=6724"}],"wp:term":[{"taxonomy":"category","embeddable":true,"href":"https:\/\/www.andreas-edler.de\/blog\/wp-json\/wp\/v2\/categories?post=6724"},{"taxonomy":"post_tag","embeddable":true,"href":"https:\/\/www.andreas-edler.de\/blog\/wp-json\/wp\/v2\/tags?post=6724"}],"curies":[{"name":"wp","href":"https:\/\/api.w.org\/{rel}","templated":true}]}}