{"id":6722,"date":"2009-04-30T16:22:00","date_gmt":"2009-04-30T15:22:00","guid":{"rendered":"http:\/\/www.andreas-edler.de\/blog\/2009\/04\/kurzer-ausflug\/"},"modified":"2018-12-30T22:19:58","modified_gmt":"2018-12-30T21:19:58","slug":"kurzer-ausflug","status":"publish","type":"post","link":"https:\/\/www.andreas-edler.de\/blog\/2009\/04\/kurzer-ausflug\/","title":{"rendered":"Kurzer Ausflug nach Aeschiried"},"content":{"rendered":"<div class=\"bild\"><img decoding=\"async\" src=\"http:\/\/www.andreas-edler.de\/grafik\/blog_2009\/20090430_profil.gif\" width=\"250\" border=\"0\" alt=\"\"><\/div>\n<p> Da die Wolken heute morgen zwar immer noch nicht verschwunden waren, daf\u00fcr der Regen aber ausblieb, habe ich beschlossen das Rad zu benutzen. Der Rest ist nach Bern in den Zoo gefahren und ich wollte zum Almist\u00fcbli. Da waren wir <a href=\"http:\/\/www.andreas-edler.de\/urlaub_200501.php#20050107\">vor ein paar Jahren schon mal<\/a> &#8211; allerdings mit dem Auto und die letzten 50 H\u00f6henmeter haben wir zu Fu\u00df erledigt. Ich habe gewartet und gewartet und als das Thermometer endlich die 10\u00b0C \u00fcberschritten hatte, bin ich raus. Klugerweise habe ich f\u00fcr einen Aprilurlaub n\u00e4mlich keine langen Radhosen eingepackt. Das macht ja auch Sinn, weil jeder wei\u00df, dass der April einer der w\u00e4rmsten Monate im Jahr ist &#8211; besonders in den Alpen.<\/p>\n<p>Aber mit einer kurzen Radhose und einer 3\/4 langen Adidas-Trekking-Buxe ging das ganz gut. Oben rum war es mir beim bergauf fahren sogar <s>ein wenig zu warm<\/s> schweine-hei\u00df! Ich habe geschwitzt wie in der Sauna! Aber wehe, der Wind kam nach einer Wende pl\u00f6tzlich von vorne &#8211; bibber! <\/p>\n<p style=\"text-align:center;\"><img decoding=\"async\" src=\"http:\/\/www.andreas-edler.de\/grafik\/blog_2009\/20090430_scott_aspect_50_vor_alpen.jpg\" width=\"470\" border=\"0\" alt=\"Scott Aspect 50 vor Alpen\" title=\"Scott Aspect 50 vor Alpen\"><\/p>\n<p> Wenn ich nicht gerade aus dem letzten Loch gepfiffen habe beim strampeln, war es doch etwas k\u00fchl. Daf\u00fcr haben mich die Aussichten entsch\u00e4digt. Habe ich schon mal gesagt, dass ich Berge mag? Mag ich.<\/p>\n<p>An die letzten Kehre konnte ich mich sogar vom letzten Mal noch erinnern. Endspurt. Allerdings ist dann etwas passiert, was mir in den letzten 7 oder 8 Jahren nicht untergekommen ist: ich bin abgestiegen und musste schieben. Eigentlich bin ich vor der letzten Kehre an einem (honestly!) extrem steilen St\u00fcck noch mit viel Gl\u00fcck aus den Klickies gekommen, weil das Vorderrad abhob und ich bei unter Schrittgeschwindigkeit nicht bergauf auf dem Hinterrad fahren kann. Kann ich eigentlich gar nicht.<\/p>\n<p>Und wie ich so neben dem Rad stehe, \u00fcberlege ich, wie sich wohl die H\u00f6henkrankheit bemerkbar macht und ob es sich so anf\u00fchlt, wenn sich die Lunge mit Blut f\u00fcllt. Und ob dieses heisere Pfeifen aus der Kehle Asthma ist oder nur eine trockene Mundh\u00f6hle. Und warum sich alles so in Watte anf\u00fchlt. Ich f\u00fchlte mich schon ein bi\u00dfchen g&#8217;schamig, die letzten 20 H\u00f6henmeter zu schieben, aber was soll&#8217;s. Ich konnte wirklich kaum noch zipp sagen. Mu\u00df mehr fahren. <\/p>\n<p align=\"center\" style=\"font-size: 70%;\"><applet archive=\"http:\/\/www.andreas-edler.de\/ptviewer.jar\" code=\"ptviewer.class\" width=\"470\" height=\"200\"><param name=\"file\" value=\"http:\/\/www.andreas-edler.de\/grafik\/200904_schweiz\/20090430_panorama_almistuebli.jpg\"><\/applet><\/p>\n<p>Ins Bild klicken und mit der Maus ziehen &#8230;<\/p>\n<p> Oben dann aber ein super Blick. 50 Meter h\u00f6her lag \u00fcbrigens noch Schnee! Habe dann meine beiden mitgebrachten Kinderriegel gegessen, noch ein wenig ausgeruht und den R\u00fcckweg angetreten.<\/p>\n<p>Nicht ganz den Weg den ich gekommen bin. Irgendwann bin ich den &#8222;Wanderweg&#8220; Schildern gefolgt, was deutlich mehr Spa\u00df machte, als die Stra\u00dfe zu benutzen. Und Wanderer waren auch keine unterwegs. Gut, dass ich den Kammweg im Wiehengebirge schon das ein oder andere Mal gefahren bin. Ansonsten h\u00e4tte ich bergab auch an einigen Stellen absteigen m\u00fcssen :-) Sch\u00f6ne Tour! Wenn das Wetter morgen wirklich gut ist, fahre ich vielleicht noch einmal um den See.<\/p>\n<p>18,8 Km | 10,7 Km\/h Schnitt | 46,2 Km\/h max. | 550 H\u00f6henmeter <span style=\"font-size: smaller;\">(allerdings alle w\u00e4hrend der ersten 10 KM)<\/span><\/p>\n","protected":false},"excerpt":{"rendered":"<p>Da die Wolken heute morgen zwar immer noch nicht verschwunden waren, daf\u00fcr der Regen aber ausblieb, habe ich beschlossen das Rad zu benutzen. Der Rest ist nach Bern in den Zoo gefahren und ich wollte zum Almist\u00fcbli. Da waren wir &hellip;<\/p>\n<p class=\"read-more\"> <a class=\"more-link\" href=\"https:\/\/www.andreas-edler.de\/blog\/2009\/04\/kurzer-ausflug\/\"> <span class=\"screen-reader-text\">Kurzer Ausflug nach Aeschiried<\/span> Weiterlesen &raquo;<\/a><\/p>\n","protected":false},"author":1,"featured_media":0,"comment_status":"open","ping_status":"open","sticky":false,"template":"","format":"standard","meta":{"ngg_post_thumbnail":0,"activitypub_content_warning":"","activitypub_content_visibility":"","activitypub_max_image_attachments":2,"activitypub_interaction_policy_quote":"anyone","activitypub_status":"","footnotes":""},"categories":[15],"tags":[132,101,53],"class_list":["post-6722","post","type-post","status-publish","format-standard","hentry","category-fahrrad","tag-radtour","tag-schweiz","tag-wetter"],"share_on_mastodon":{"url":"","error":""},"_links":{"self":[{"href":"https:\/\/www.andreas-edler.de\/blog\/wp-json\/wp\/v2\/posts\/6722","targetHints":{"allow":["GET"]}}],"collection":[{"href":"https:\/\/www.andreas-edler.de\/blog\/wp-json\/wp\/v2\/posts"}],"about":[{"href":"https:\/\/www.andreas-edler.de\/blog\/wp-json\/wp\/v2\/types\/post"}],"author":[{"embeddable":true,"href":"https:\/\/www.andreas-edler.de\/blog\/wp-json\/wp\/v2\/users\/1"}],"replies":[{"embeddable":true,"href":"https:\/\/www.andreas-edler.de\/blog\/wp-json\/wp\/v2\/comments?post=6722"}],"version-history":[{"count":0,"href":"https:\/\/www.andreas-edler.de\/blog\/wp-json\/wp\/v2\/posts\/6722\/revisions"}],"wp:attachment":[{"href":"https:\/\/www.andreas-edler.de\/blog\/wp-json\/wp\/v2\/media?parent=6722"}],"wp:term":[{"taxonomy":"category","embeddable":true,"href":"https:\/\/www.andreas-edler.de\/blog\/wp-json\/wp\/v2\/categories?post=6722"},{"taxonomy":"post_tag","embeddable":true,"href":"https:\/\/www.andreas-edler.de\/blog\/wp-json\/wp\/v2\/tags?post=6722"}],"curies":[{"name":"wp","href":"https:\/\/api.w.org\/{rel}","templated":true}]}}