{"id":6707,"date":"2009-04-20T19:43:00","date_gmt":"2009-04-20T18:43:00","guid":{"rendered":"http:\/\/www.andreas-edler.de\/blog\/2009\/04\/ebenoder-forst\/"},"modified":"2009-04-20T19:43:00","modified_gmt":"2009-04-20T18:43:00","slug":"ebenoder-forst","status":"publish","type":"post","link":"https:\/\/www.andreas-edler.de\/blog\/2009\/04\/ebenoder-forst\/","title":{"rendered":"Eben\u00f6der Forst"},"content":{"rendered":"<div class=\"bild\"><img decoding=\"async\" src=\"http:\/\/www.andreas-edler.de\/grafik\/blog_2009\/20090420_radbrille_150px.jpg\" width=\"150\" border=\"0\" alt=\"zerbrochene Radbrille von Tchibo\" title=\"zerbrochene Radbrille von Tchibo\"><\/div>\n<p> Die Sonne strahlt, zwar nicht bsonders kr\u00e4ftig, aber wolkenlos. Im Juni wollen wir ein kleines Familientreffen auf der Eben\u00f6de machen und in der Amslesch\u00e4nke \u00fcbernachten. Daher mu\u00dfte ich noch abkl\u00e4ren, ob man mit leichtem Alkoholpegel den direkten Weg vom R\u00fctli zur Amselsch\u00e4nke begehen kann. Rad raus und hoch zur Eben\u00f6de. Nur meine Lieblingsbrille konnte nicht mit, die hat das Aufsetzen heute nicht \u00fcberlebt. Gl\u00fccklicherweise hatte ich vorsorglich Ersatz im Schrank liegen.<\/p>\n<p>Bin dann an der Weser lang bis Babbenhausen und dann zum &#8222;Alten F\u00f6rster&#8220; hoch. Von dort quer durch den sehr sch\u00f6nen Wald &#8230; <\/p>\n<p style=\"text-align:center;\"><img decoding=\"async\" src=\"http:\/\/www.andreas-edler.de\/grafik\/blog_2009\/20090420_forst_ruetli.jpg\" width=\"470\" border=\"0\" alt=\"Forst auf der Eben\u00f6de in der N\u00e4he des R\u00fctli\" title=\"Forst auf der Eben\u00f6de in der N\u00e4he des R\u00fctli\"><\/p>\n<p> &#8230; bis zum h\u00f6chsten Punkt in Oberbecksen. Da unten im Tal habe ich \u00fcbrigens 28 Jahre gewohnt :-) Sieht schon sch\u00f6n aus. Der Weg nach unten war allerdings mal in einem Zustand, der es erm\u00f6glichte, dass ich da mit &#8217;nem Fiat Uno bergab und mit diversen Vespen bergauf *und* -ab fahren konnte. Heute nicht mehr dran zu denken. So ist das halt, wenn keiner mehr da lang kommt &#8211; ich ja auch nicht. <\/p>\n<p style=\"text-align:center;\"><img decoding=\"async\" src=\"http:\/\/www.andreas-edler.de\/grafik\/blog_2009\/20090420_ebenoede_abwaerts.jpg\" width=\"470\" border=\"0\" alt=\"Von der Eben\u00f6de runter nach Oberbecksen\" title=\"Von der Eben\u00f6de runter nach Oberbecksen\"><\/p>\n<p> Aber mit dem Rad war&#8217;s noch problemlos zu schaffen. Sch\u00f6n flach machen, dann klappt&#8217;s. Wird auch im Juni kein Problem denke ich. Noch kurz bei Mama &#038; Papa vorbei und dann nach Hause.<\/p>\n<p>16,8 Km | 17,6 Km\/h Schnitt | 48,5 Km\/h max. | 198 H\u00f6henmeter<\/p>\n","protected":false},"excerpt":{"rendered":"<p>Die Sonne strahlt, zwar nicht bsonders kr\u00e4ftig, aber wolkenlos. Im Juni wollen wir ein kleines Familientreffen auf der Eben\u00f6de machen und in der Amslesch\u00e4nke \u00fcbernachten. Daher mu\u00dfte ich noch abkl\u00e4ren, ob man mit leichtem Alkoholpegel den direkten Weg vom R\u00fctli &hellip;<\/p>\n<p class=\"read-more\"> <a class=\"more-link\" href=\"https:\/\/www.andreas-edler.de\/blog\/2009\/04\/ebenoder-forst\/\"> <span class=\"screen-reader-text\">Eben\u00f6der Forst<\/span> Weiterlesen &raquo;<\/a><\/p>\n","protected":false},"author":1,"featured_media":0,"comment_status":"open","ping_status":"open","sticky":false,"template":"","format":"standard","meta":{"ngg_post_thumbnail":0,"activitypub_content_warning":"","activitypub_content_visibility":"","activitypub_max_image_attachments":2,"activitypub_interaction_policy_quote":"anyone","activitypub_status":"","footnotes":""},"categories":[15],"tags":[],"class_list":["post-6707","post","type-post","status-publish","format-standard","hentry","category-fahrrad"],"share_on_mastodon":{"url":"","error":""},"_links":{"self":[{"href":"https:\/\/www.andreas-edler.de\/blog\/wp-json\/wp\/v2\/posts\/6707","targetHints":{"allow":["GET"]}}],"collection":[{"href":"https:\/\/www.andreas-edler.de\/blog\/wp-json\/wp\/v2\/posts"}],"about":[{"href":"https:\/\/www.andreas-edler.de\/blog\/wp-json\/wp\/v2\/types\/post"}],"author":[{"embeddable":true,"href":"https:\/\/www.andreas-edler.de\/blog\/wp-json\/wp\/v2\/users\/1"}],"replies":[{"embeddable":true,"href":"https:\/\/www.andreas-edler.de\/blog\/wp-json\/wp\/v2\/comments?post=6707"}],"version-history":[{"count":0,"href":"https:\/\/www.andreas-edler.de\/blog\/wp-json\/wp\/v2\/posts\/6707\/revisions"}],"wp:attachment":[{"href":"https:\/\/www.andreas-edler.de\/blog\/wp-json\/wp\/v2\/media?parent=6707"}],"wp:term":[{"taxonomy":"category","embeddable":true,"href":"https:\/\/www.andreas-edler.de\/blog\/wp-json\/wp\/v2\/categories?post=6707"},{"taxonomy":"post_tag","embeddable":true,"href":"https:\/\/www.andreas-edler.de\/blog\/wp-json\/wp\/v2\/tags?post=6707"}],"curies":[{"name":"wp","href":"https:\/\/api.w.org\/{rel}","templated":true}]}}