{"id":6682,"date":"2009-04-05T20:12:00","date_gmt":"2009-04-05T19:12:00","guid":{"rendered":"http:\/\/www.andreas-edler.de\/blog\/2009\/04\/ein-tag-in-der-innenstadt\/"},"modified":"2009-04-05T20:12:00","modified_gmt":"2009-04-05T19:12:00","slug":"ein-tag-in-der-innenstadt","status":"publish","type":"post","link":"https:\/\/www.andreas-edler.de\/blog\/2009\/04\/ein-tag-in-der-innenstadt\/","title":{"rendered":"Ein Tag in der Innenstadt"},"content":{"rendered":"<p>Nat\u00fcrlich, ausgerechnet wenn wir mal eine Premiere haben, dann bleibt das Wetter nicht ganz so berauschend wie in der letzten Woche. Zum ersten Mal hat Alex heute bei einem Flohmarkt einen Stand gehabt. Naja, ich auch ein bi\u00dfchen ;-) Auf- und Abbauen war auch meine Aufgabe &#8211; und ein paar Kleinigkeiten habe ich auch vertickt. Ab 12 Uhr sollte Er\u00f6ffnung sein. Viertel vor 12 waren wir da, durften aber noch nicht zu unserem Standplatz. Aus einem mir nicht erkenntlichen Grund haben irgendwelche Aufpasser erst alle Standbetreiber warten lassen, um sie auf einen Schlag zu den Pl\u00e4tzen zu lassen. War sehr merkw\u00fcrdig.<\/p>\n<p>Wir dachten erst, unser Claim direkt an der Musikschule ein wenig versteckt w\u00e4re doof, aber die Leute haben anfangs die Sachen in dem Augenblick schon vom Tapeziertisch genommen, in dem wir sie dort hinlegten. Quasi direkt aus dem Karton gekauft. Das wurde mit der Zeit dann immer weniger, aber insgesamt ein sehr lohnendes Gesch\u00e4ft. Habe ich nicht mit gerechnet. <\/p>\n<p style=\"text-align:center;\"><img decoding=\"async\" src=\"http:\/\/www.andreas-edler.de\/grafik\/blog_2009\/20090405_flohmarkt.jpg\" width=\"470\" border=\"0\" alt=\"\"><\/p>\n<p> Unser Platz lag zwar ein bi\u00dfchen zur\u00fcck in einer &#8222;Sackgasse&#8220;, aber die Leute die bis in diese Ecke kamen, haben auch oft was mitgenommen. Auf der &#8222;Hauptstra\u00dfe&#8220; war dagegen ein fieses Gedr\u00e4ngel &#8211; \u00fcberhaupt nicht mein Fall! Da wurde teilweise sogar geschubst vor den St\u00e4nden. Merkw\u00fcrdig, was manche Leute f\u00fcr eine Kinderstube haben. Auch wenn man sich die Klamotten auf den St\u00e4nden anguckt, mu\u00df man dabei nicht unbeningt eine Zigarette in der Hand haben und alles voll aschen.<\/p>\n<p>Zwischendurch bin ich ein bi\u00dfchen mit dem Rad durch die erweiterte Innenstadt gefahren, habe hier und da ein paar Fotos f\u00fcr die &#8222;AG Sicherheit&#8220; im Rahmen des Arbeitskreis f\u00fcr eine fahrradfreundliche Stadt gemacht und mir ansonsten beim Radeln mal ganz in Ruhe die Gegend angeguckt. H\u00e4tte daf\u00fcr ruhig etwas w\u00e4rmer sein k\u00f6nnen :-\/ So mit kurzer Hose wurde mir dann sp\u00e4ter beim Abbauen doch etwas k\u00fchl und ich habe zu Hause erstmal ausgiebig hei\u00df geduscht.<\/p>\n<p>15 Km | 14,8 Km\/h Schnitt | 45 Km\/h max. | 104 H\u00f6henmeter <\/p>\n<p style=\"text-align:center;\"><a href=\"http:\/\/www.panoramio.com\/photo\/20843610\"><img decoding=\"async\" src=\"http:\/\/www.andreas-edler.de\/grafik\/blog_2009\/20090405_kurhaus_kurpark.jpg\" width=\"470\" border=\"0\" alt=\"\"><\/a><\/p>\n","protected":false},"excerpt":{"rendered":"<p>Nat\u00fcrlich, ausgerechnet wenn wir mal eine Premiere haben, dann bleibt das Wetter nicht ganz so berauschend wie in der letzten Woche. Zum ersten Mal hat Alex heute bei einem Flohmarkt einen Stand gehabt. Naja, ich auch ein bi\u00dfchen ;-) Auf- &hellip;<\/p>\n<p class=\"read-more\"> <a class=\"more-link\" href=\"https:\/\/www.andreas-edler.de\/blog\/2009\/04\/ein-tag-in-der-innenstadt\/\"> <span class=\"screen-reader-text\">Ein Tag in der Innenstadt<\/span> Weiterlesen &raquo;<\/a><\/p>\n","protected":false},"author":1,"featured_media":0,"comment_status":"open","ping_status":"open","sticky":false,"template":"","format":"standard","meta":{"ngg_post_thumbnail":0,"activitypub_content_warning":"","activitypub_content_visibility":"","activitypub_max_image_attachments":2,"activitypub_interaction_policy_quote":"anyone","activitypub_status":"","footnotes":""},"categories":[14],"tags":[51,64],"class_list":["post-6682","post","type-post","status-publish","format-standard","hentry","category-bad-oeynhausen","tag-geld","tag-konsum"],"share_on_mastodon":{"url":"","error":""},"_links":{"self":[{"href":"https:\/\/www.andreas-edler.de\/blog\/wp-json\/wp\/v2\/posts\/6682","targetHints":{"allow":["GET"]}}],"collection":[{"href":"https:\/\/www.andreas-edler.de\/blog\/wp-json\/wp\/v2\/posts"}],"about":[{"href":"https:\/\/www.andreas-edler.de\/blog\/wp-json\/wp\/v2\/types\/post"}],"author":[{"embeddable":true,"href":"https:\/\/www.andreas-edler.de\/blog\/wp-json\/wp\/v2\/users\/1"}],"replies":[{"embeddable":true,"href":"https:\/\/www.andreas-edler.de\/blog\/wp-json\/wp\/v2\/comments?post=6682"}],"version-history":[{"count":0,"href":"https:\/\/www.andreas-edler.de\/blog\/wp-json\/wp\/v2\/posts\/6682\/revisions"}],"wp:attachment":[{"href":"https:\/\/www.andreas-edler.de\/blog\/wp-json\/wp\/v2\/media?parent=6682"}],"wp:term":[{"taxonomy":"category","embeddable":true,"href":"https:\/\/www.andreas-edler.de\/blog\/wp-json\/wp\/v2\/categories?post=6682"},{"taxonomy":"post_tag","embeddable":true,"href":"https:\/\/www.andreas-edler.de\/blog\/wp-json\/wp\/v2\/tags?post=6682"}],"curies":[{"name":"wp","href":"https:\/\/api.w.org\/{rel}","templated":true}]}}