{"id":6678,"date":"2009-04-02T20:31:00","date_gmt":"2009-04-02T19:31:00","guid":{"rendered":"http:\/\/www.andreas-edler.de\/blog\/2009\/04\/rasen-hubsch-gemacht-vertikultieren\/"},"modified":"2017-01-04T21:56:07","modified_gmt":"2017-01-04T20:56:07","slug":"rasen-huebsch-gemacht-vertikutieren","status":"publish","type":"post","link":"https:\/\/www.andreas-edler.de\/blog\/2009\/04\/rasen-huebsch-gemacht-vertikutieren\/","title":{"rendered":"Rasen h\u00fcbsch gemacht: vertikutieren"},"content":{"rendered":"<p>Die <a href=\"http:\/\/nochmehrsenf.blogspot.com\/2009\/04\/notes-schulung.html\">Schulung<\/a> heue war recht z\u00fcgig vorbei. Aber ich hatte keine Lust noch ins B\u00fcro zu fahren. Zu sch\u00f6nes Wetter und noch so viel zu tun im Garten. Habe also meinen mitfahrenden Kollegen abgesetzt und mir von meinen Eltern den gro\u00dfen Vertikutierer geholt. Eigentlich hatte ich das f\u00fcr Samstag geplant, aber da kann ich dann gleich von morgens an Holz hacken.<\/p>\n<p>Mit dem Viertakter habe ich den Rasen h\u00fcbsch umgekrempelt. Erst l\u00e4ngs einmal komplett durch und danach noch einmal im 90\u00b0 Winkel quer. Da kam ordentlich Moos und trockenes Gras raus. Drei gro\u00dfe blaue S\u00e4cke voll sind&#8217;s geworden und ich hatte flei\u00dfige Hilfe beim zusammen harken. Nach 1 1\/2 Stunden war ich durch und der Vertikutierer schon wieder im Kofferraum. <\/p>\n<p style=\"text-align:center;\"><img decoding=\"async\" src=\"http:\/\/www.andreas-edler.de\/grafik\/blog_2009\/20090402_vertikultieren.jpg\" width=\"470\" border=\"0\" alt=\"\"><\/p>\n<p> D\u00fcnger kommt \u00fcbrigens nicht auf&#8217;s Gras! Das w\u00e4chst von alleine und ich habe keine Lust zweimal in der Woche Rasen zu m\u00e4hen.<\/p>\n","protected":false},"excerpt":{"rendered":"<p>Die Schulung heue war recht z\u00fcgig vorbei. Aber ich hatte keine Lust noch ins B\u00fcro zu fahren. Zu sch\u00f6nes Wetter und noch so viel zu tun im Garten. Habe also meinen mitfahrenden Kollegen abgesetzt und mir von meinen Eltern den &hellip;<\/p>\n<p class=\"read-more\"> <a class=\"more-link\" href=\"https:\/\/www.andreas-edler.de\/blog\/2009\/04\/rasen-huebsch-gemacht-vertikutieren\/\"> <span class=\"screen-reader-text\">Rasen h\u00fcbsch gemacht: vertikutieren<\/span> Weiterlesen &raquo;<\/a><\/p>\n","protected":false},"author":1,"featured_media":0,"comment_status":"closed","ping_status":"open","sticky":false,"template":"","format":"standard","meta":{"ngg_post_thumbnail":0,"activitypub_content_warning":"","activitypub_content_visibility":"","activitypub_max_image_attachments":2,"activitypub_interaction_policy_quote":"anyone","activitypub_status":"","footnotes":""},"categories":[1],"tags":[48,31],"class_list":["post-6678","post","type-post","status-publish","format-standard","hentry","category-allgemein","tag-arbeit","tag-garten"],"share_on_mastodon":{"url":"","error":""},"_links":{"self":[{"href":"https:\/\/www.andreas-edler.de\/blog\/wp-json\/wp\/v2\/posts\/6678","targetHints":{"allow":["GET"]}}],"collection":[{"href":"https:\/\/www.andreas-edler.de\/blog\/wp-json\/wp\/v2\/posts"}],"about":[{"href":"https:\/\/www.andreas-edler.de\/blog\/wp-json\/wp\/v2\/types\/post"}],"author":[{"embeddable":true,"href":"https:\/\/www.andreas-edler.de\/blog\/wp-json\/wp\/v2\/users\/1"}],"replies":[{"embeddable":true,"href":"https:\/\/www.andreas-edler.de\/blog\/wp-json\/wp\/v2\/comments?post=6678"}],"version-history":[{"count":0,"href":"https:\/\/www.andreas-edler.de\/blog\/wp-json\/wp\/v2\/posts\/6678\/revisions"}],"wp:attachment":[{"href":"https:\/\/www.andreas-edler.de\/blog\/wp-json\/wp\/v2\/media?parent=6678"}],"wp:term":[{"taxonomy":"category","embeddable":true,"href":"https:\/\/www.andreas-edler.de\/blog\/wp-json\/wp\/v2\/categories?post=6678"},{"taxonomy":"post_tag","embeddable":true,"href":"https:\/\/www.andreas-edler.de\/blog\/wp-json\/wp\/v2\/tags?post=6678"}],"curies":[{"name":"wp","href":"https:\/\/api.w.org\/{rel}","templated":true}]}}