{"id":6677,"date":"2009-04-01T21:01:00","date_gmt":"2009-04-01T20:01:00","guid":{"rendered":"http:\/\/www.andreas-edler.de\/blog\/2009\/04\/fruhlingsmudigkeit\/"},"modified":"2013-11-02T15:06:19","modified_gmt":"2013-11-02T14:06:19","slug":"fruhlingsmudigkeit","status":"publish","type":"post","link":"https:\/\/www.andreas-edler.de\/blog\/2009\/04\/fruhlingsmudigkeit\/","title":{"rendered":"Fr\u00fchlingsm\u00fcdigkeit"},"content":{"rendered":"<p>In den letzten 2 N\u00e4chten habe ich insgesamt vielleicht 4 Stunden geschlafen. Keine Ahnung woran es liegt. M\u00fcde genug bin ich jedenfalls. Allerdings auch tags\u00fcber, weil ich die N\u00e4chte damit verbracht habe, durch&#8217;s Haus zu laufen oder ein wenig mit den Hanteln zu spielen. Ich konnte heute in der Notes-Schulung aber trotzdem die Augen offen halten. Danke an die Raucher, die daf\u00fcr gesorgt haben, dass wir in sehr kurzen Intervallen auf die grandiose <a href=\"http:\/\/nochmehrsenf.blogspot.com\/2009\/04\/coole-dachterrasse.html\">Dachterrasse<\/a> gehen konnten um frische Luft und Sonne zu tanken (frische Luft, wenn man sich nicht in Windrichtung der Raucher stellte ;-)! <\/p>\n<p style=\"text-align:center;\"><img decoding=\"async\" src=\"http:\/\/www.andreas-edler.de\/grafik\/blog_2009\/20090401_herford.jpg\" width=\"470\" border=\"0\" alt=\"\"><\/p>\n<p> Morgen dann der zweite Teil &#8230; und das Wetter soll noch besser werden. Ich glaube die &#8222;kurze-\u00c4rmel-Saison&#8220; beginnt.<\/p>\n","protected":false},"excerpt":{"rendered":"<p>In den letzten 2 N\u00e4chten habe ich insgesamt vielleicht 4 Stunden geschlafen. Keine Ahnung woran es liegt. M\u00fcde genug bin ich jedenfalls. Allerdings auch tags\u00fcber, weil ich die N\u00e4chte damit verbracht habe, durch&#8217;s Haus zu laufen oder ein wenig mit &hellip;<\/p>\n<p class=\"read-more\"> <a class=\"more-link\" href=\"https:\/\/www.andreas-edler.de\/blog\/2009\/04\/fruhlingsmudigkeit\/\"> <span class=\"screen-reader-text\">Fr\u00fchlingsm\u00fcdigkeit<\/span> Weiterlesen &raquo;<\/a><\/p>\n","protected":false},"author":1,"featured_media":0,"comment_status":"open","ping_status":"open","sticky":false,"template":"","format":"standard","meta":{"ngg_post_thumbnail":0,"activitypub_content_warning":"","activitypub_content_visibility":"","activitypub_max_image_attachments":2,"activitypub_interaction_policy_quote":"anyone","activitypub_status":"","footnotes":""},"categories":[1],"tags":[48,16,47,5],"class_list":["post-6677","post","type-post","status-publish","format-standard","hentry","category-allgemein","tag-arbeit","tag-lernen","tag-programme","tag-unterwegs"],"share_on_mastodon":{"url":"","error":""},"_links":{"self":[{"href":"https:\/\/www.andreas-edler.de\/blog\/wp-json\/wp\/v2\/posts\/6677","targetHints":{"allow":["GET"]}}],"collection":[{"href":"https:\/\/www.andreas-edler.de\/blog\/wp-json\/wp\/v2\/posts"}],"about":[{"href":"https:\/\/www.andreas-edler.de\/blog\/wp-json\/wp\/v2\/types\/post"}],"author":[{"embeddable":true,"href":"https:\/\/www.andreas-edler.de\/blog\/wp-json\/wp\/v2\/users\/1"}],"replies":[{"embeddable":true,"href":"https:\/\/www.andreas-edler.de\/blog\/wp-json\/wp\/v2\/comments?post=6677"}],"version-history":[{"count":0,"href":"https:\/\/www.andreas-edler.de\/blog\/wp-json\/wp\/v2\/posts\/6677\/revisions"}],"wp:attachment":[{"href":"https:\/\/www.andreas-edler.de\/blog\/wp-json\/wp\/v2\/media?parent=6677"}],"wp:term":[{"taxonomy":"category","embeddable":true,"href":"https:\/\/www.andreas-edler.de\/blog\/wp-json\/wp\/v2\/categories?post=6677"},{"taxonomy":"post_tag","embeddable":true,"href":"https:\/\/www.andreas-edler.de\/blog\/wp-json\/wp\/v2\/tags?post=6677"}],"curies":[{"name":"wp","href":"https:\/\/api.w.org\/{rel}","templated":true}]}}