{"id":6642,"date":"2009-03-08T21:50:00","date_gmt":"2009-03-08T20:50:00","guid":{"rendered":"http:\/\/www.andreas-edler.de\/blog\/2009\/03\/vandalismus\/"},"modified":"2009-03-08T21:50:00","modified_gmt":"2009-03-08T20:50:00","slug":"vandalismus","status":"publish","type":"post","link":"https:\/\/www.andreas-edler.de\/blog\/2009\/03\/vandalismus\/","title":{"rendered":"Vandalismus?"},"content":{"rendered":"<p>Ich bin immer etwas sauer und gleichzeitig traurig, wenn ich sowas sehe. Spielpl\u00e4tze, die von wem auch immer verw\u00fcstet werden. In diesem Fall bin ich mir gar nicht mal sicher, ob die Sperrgatter nicht vielleicht mit einer vern\u00fcnftigen Begr\u00fcndung aus der Verankerung genommen wurden. Die im Hintergrund zerdepperte Flasche mit Hochprozentigem vervollst\u00e4ndigt das Bild aber derart, dass ich mir durchaus vorstellen kann, es war einfach nur Langeweile gepaart mit zuviel Kraft und Dummheit. <\/p>\n<p style=\"text-align:center;\"><img decoding=\"async\" src=\"http:\/\/www.andreas-edler.de\/grafik\/blog_2009\/20090307_spielplatz.jpg\" width=\"470\" border=\"0\" alt=\"\"><\/p>\n","protected":false},"excerpt":{"rendered":"<p>Ich bin immer etwas sauer und gleichzeitig traurig, wenn ich sowas sehe. Spielpl\u00e4tze, die von wem auch immer verw\u00fcstet werden. In diesem Fall bin ich mir gar nicht mal sicher, ob die Sperrgatter nicht vielleicht mit einer vern\u00fcnftigen Begr\u00fcndung aus &hellip;<\/p>\n<p class=\"read-more\"> <a class=\"more-link\" href=\"https:\/\/www.andreas-edler.de\/blog\/2009\/03\/vandalismus\/\"> <span class=\"screen-reader-text\">Vandalismus?<\/span> Weiterlesen &raquo;<\/a><\/p>\n","protected":false},"author":1,"featured_media":0,"comment_status":"open","ping_status":"open","sticky":false,"template":"","format":"standard","meta":{"ngg_post_thumbnail":0,"activitypub_content_warning":"","activitypub_content_visibility":"","activitypub_max_image_attachments":2,"activitypub_interaction_policy_quote":"anyone","activitypub_status":"","footnotes":""},"categories":[18],"tags":[63,19],"class_list":["post-6642","post","type-post","status-publish","format-standard","hentry","category-fraglich","tag-benehmen","tag-tagesgeschehen"],"share_on_mastodon":{"url":"","error":""},"_links":{"self":[{"href":"https:\/\/www.andreas-edler.de\/blog\/wp-json\/wp\/v2\/posts\/6642","targetHints":{"allow":["GET"]}}],"collection":[{"href":"https:\/\/www.andreas-edler.de\/blog\/wp-json\/wp\/v2\/posts"}],"about":[{"href":"https:\/\/www.andreas-edler.de\/blog\/wp-json\/wp\/v2\/types\/post"}],"author":[{"embeddable":true,"href":"https:\/\/www.andreas-edler.de\/blog\/wp-json\/wp\/v2\/users\/1"}],"replies":[{"embeddable":true,"href":"https:\/\/www.andreas-edler.de\/blog\/wp-json\/wp\/v2\/comments?post=6642"}],"version-history":[{"count":0,"href":"https:\/\/www.andreas-edler.de\/blog\/wp-json\/wp\/v2\/posts\/6642\/revisions"}],"wp:attachment":[{"href":"https:\/\/www.andreas-edler.de\/blog\/wp-json\/wp\/v2\/media?parent=6642"}],"wp:term":[{"taxonomy":"category","embeddable":true,"href":"https:\/\/www.andreas-edler.de\/blog\/wp-json\/wp\/v2\/categories?post=6642"},{"taxonomy":"post_tag","embeddable":true,"href":"https:\/\/www.andreas-edler.de\/blog\/wp-json\/wp\/v2\/tags?post=6642"}],"curies":[{"name":"wp","href":"https:\/\/api.w.org\/{rel}","templated":true}]}}