{"id":6631,"date":"2009-03-03T20:09:00","date_gmt":"2009-03-03T19:09:00","guid":{"rendered":"http:\/\/www.andreas-edler.de\/blog\/2009\/03\/feierabendrunde-8\/"},"modified":"2013-11-02T15:06:21","modified_gmt":"2013-11-02T14:06:21","slug":"feierabendrunde-8","status":"publish","type":"post","link":"https:\/\/www.andreas-edler.de\/blog\/2009\/03\/feierabendrunde-8\/","title":{"rendered":"Feierabendrunde"},"content":{"rendered":"<p>Sehr zeitig Schlu\u00df gemacht im B\u00fcro, weil das Wetter sich endlich anschickt fr\u00fchlingshaft zu werden. Bin dann eine ganz kleine Runde gefahren. Bis Vlotho, dort hoch zur Burg und von da hoch zur Eben\u00f6de und durch Oberbecksen und Rehme zur\u00fcck. An der Weser habe ich noch einen <a href=\"http:\/\/www.blogger.com\/profile\/05222532202520706233\">ADFC-Kollegen<\/a> getroffen und wir sind bis zur Vlothoer Stra\u00dfe langsam nebeneinander her getr\u00f6delt &#8211; sonst w\u00e4re mein Schnitt sicher marginal besser geworden. Bin aber schon ganz zufrieden, dass ich den Berg so locker hoch gekommen bin :-)<\/p>\n<p>18,3 Km | 18,8 Km\/h Schnitt | 50,9 Km\/h max. | 240 H\u00f6henmeter | 8\u00b0C <\/p>\n<p style=\"text-align:center;\"><img decoding=\"async\" src=\"http:\/\/www.andreas-edler.de\/grafik\/blog_2009\/20090303_profil.gif\" width=\"470\" border=\"0\" alt=\"\"><\/p>\n","protected":false},"excerpt":{"rendered":"<p>Sehr zeitig Schlu\u00df gemacht im B\u00fcro, weil das Wetter sich endlich anschickt fr\u00fchlingshaft zu werden. Bin dann eine ganz kleine Runde gefahren. Bis Vlotho, dort hoch zur Burg und von da hoch zur Eben\u00f6de und durch Oberbecksen und Rehme zur\u00fcck. &hellip;<\/p>\n<p class=\"read-more\"> <a class=\"more-link\" href=\"https:\/\/www.andreas-edler.de\/blog\/2009\/03\/feierabendrunde-8\/\"> <span class=\"screen-reader-text\">Feierabendrunde<\/span> Weiterlesen &raquo;<\/a><\/p>\n","protected":false},"author":1,"featured_media":0,"comment_status":"open","ping_status":"open","sticky":false,"template":"","format":"standard","meta":{"ngg_post_thumbnail":0,"activitypub_content_warning":"","activitypub_content_visibility":"","activitypub_max_image_attachments":2,"activitypub_interaction_policy_quote":"anyone","activitypub_status":"","footnotes":""},"categories":[1],"tags":[],"class_list":["post-6631","post","type-post","status-publish","format-standard","hentry","category-allgemein"],"share_on_mastodon":{"url":"","error":""},"_links":{"self":[{"href":"https:\/\/www.andreas-edler.de\/blog\/wp-json\/wp\/v2\/posts\/6631","targetHints":{"allow":["GET"]}}],"collection":[{"href":"https:\/\/www.andreas-edler.de\/blog\/wp-json\/wp\/v2\/posts"}],"about":[{"href":"https:\/\/www.andreas-edler.de\/blog\/wp-json\/wp\/v2\/types\/post"}],"author":[{"embeddable":true,"href":"https:\/\/www.andreas-edler.de\/blog\/wp-json\/wp\/v2\/users\/1"}],"replies":[{"embeddable":true,"href":"https:\/\/www.andreas-edler.de\/blog\/wp-json\/wp\/v2\/comments?post=6631"}],"version-history":[{"count":0,"href":"https:\/\/www.andreas-edler.de\/blog\/wp-json\/wp\/v2\/posts\/6631\/revisions"}],"wp:attachment":[{"href":"https:\/\/www.andreas-edler.de\/blog\/wp-json\/wp\/v2\/media?parent=6631"}],"wp:term":[{"taxonomy":"category","embeddable":true,"href":"https:\/\/www.andreas-edler.de\/blog\/wp-json\/wp\/v2\/categories?post=6631"},{"taxonomy":"post_tag","embeddable":true,"href":"https:\/\/www.andreas-edler.de\/blog\/wp-json\/wp\/v2\/tags?post=6631"}],"curies":[{"name":"wp","href":"https:\/\/api.w.org\/{rel}","templated":true}]}}