{"id":6630,"date":"2009-03-03T16:51:00","date_gmt":"2009-03-03T15:51:00","guid":{"rendered":"http:\/\/www.andreas-edler.de\/blog\/2009\/03\/ein-schoner-tag-keine-wahlcomputer\/"},"modified":"2009-03-03T16:51:00","modified_gmt":"2009-03-03T15:51:00","slug":"ein-schoner-tag-keine-wahlcomputer","status":"publish","type":"post","link":"https:\/\/www.andreas-edler.de\/blog\/2009\/03\/ein-schoner-tag-keine-wahlcomputer\/","title":{"rendered":"Ein sch\u00f6ner Tag: keine Wahlcomputer"},"content":{"rendered":"<p><cite>Der Westen: <b><a href=\"http:\/\/www.derwesten.de\/nachrichten\/nachrichten\/2009\/3\/3\/news-113216111\/detail.html\">Einsatz von Wahlcomputern war verfassungswidrig<\/a><\/b><br \/>&#8230; Das hat das Bundesverfassungsgericht entschieden &#8230; Die Bundestagswahl im September wird aller Voraussicht nach ohne Wahlcomputer stattfinden &#8230;<\/cite> Da bin ich ja mal gespannt, wie unsere Herren im Rat nun entscheiden. Ob sie weiterhin bar jeder Vernunft an der Anschaffung der Nedap-Wahlcomputer festhalten. Ich hatte, als der Wahlausschu\u00df Ende 2007 diese Anschaffung dem Rat vorschlug, schon den <a href=\"http:\/\/www.andreas-edler.de\/2007\/11\/nedap-wahlmaschinen-in-bad-oeynhausen.php\">finanziellen Unsinn vorgerechnet<\/a>. Dazu kommt noch die Manipulierbarkeit und die mangelnde Kontrollm\u00f6glichkeit durch den W\u00e4hler. Tja, da freut mich doch, dass das Bundesverfassungsgericht die Sache \u00e4hnlich sieht. Bin mal gespannt, ob der Rat sich dem Verstand anschlie\u00dft. Mal abgesehen davon, dass Bad Oeynhausen sowieso kein Geld hat &#8230;<\/p>\n","protected":false},"excerpt":{"rendered":"<p>Der Westen: Einsatz von Wahlcomputern war verfassungswidrig&#8230; Das hat das Bundesverfassungsgericht entschieden &#8230; Die Bundestagswahl im September wird aller Voraussicht nach ohne Wahlcomputer stattfinden &#8230; Da bin ich ja mal gespannt, wie unsere Herren im Rat nun entscheiden. Ob sie &hellip;<\/p>\n<p class=\"read-more\"> <a class=\"more-link\" href=\"https:\/\/www.andreas-edler.de\/blog\/2009\/03\/ein-schoner-tag-keine-wahlcomputer\/\"> <span class=\"screen-reader-text\">Ein sch\u00f6ner Tag: keine Wahlcomputer<\/span> Weiterlesen &raquo;<\/a><\/p>\n","protected":false},"author":1,"featured_media":0,"comment_status":"open","ping_status":"open","sticky":false,"template":"","format":"standard","meta":{"ngg_post_thumbnail":0,"activitypub_content_warning":"","activitypub_content_visibility":"","activitypub_max_image_attachments":2,"activitypub_interaction_policy_quote":"anyone","activitypub_status":"","footnotes":""},"categories":[14,45],"tags":[24,46],"class_list":["post-6630","post","type-post","status-publish","format-standard","hentry","category-bad-oeynhausen","category-politik","tag-computer","tag-technik"],"share_on_mastodon":{"url":"","error":""},"_links":{"self":[{"href":"https:\/\/www.andreas-edler.de\/blog\/wp-json\/wp\/v2\/posts\/6630","targetHints":{"allow":["GET"]}}],"collection":[{"href":"https:\/\/www.andreas-edler.de\/blog\/wp-json\/wp\/v2\/posts"}],"about":[{"href":"https:\/\/www.andreas-edler.de\/blog\/wp-json\/wp\/v2\/types\/post"}],"author":[{"embeddable":true,"href":"https:\/\/www.andreas-edler.de\/blog\/wp-json\/wp\/v2\/users\/1"}],"replies":[{"embeddable":true,"href":"https:\/\/www.andreas-edler.de\/blog\/wp-json\/wp\/v2\/comments?post=6630"}],"version-history":[{"count":0,"href":"https:\/\/www.andreas-edler.de\/blog\/wp-json\/wp\/v2\/posts\/6630\/revisions"}],"wp:attachment":[{"href":"https:\/\/www.andreas-edler.de\/blog\/wp-json\/wp\/v2\/media?parent=6630"}],"wp:term":[{"taxonomy":"category","embeddable":true,"href":"https:\/\/www.andreas-edler.de\/blog\/wp-json\/wp\/v2\/categories?post=6630"},{"taxonomy":"post_tag","embeddable":true,"href":"https:\/\/www.andreas-edler.de\/blog\/wp-json\/wp\/v2\/tags?post=6630"}],"curies":[{"name":"wp","href":"https:\/\/api.w.org\/{rel}","templated":true}]}}