{"id":6626,"date":"2009-02-28T21:47:00","date_gmt":"2009-02-28T20:47:00","guid":{"rendered":"http:\/\/www.andreas-edler.de\/blog\/2009\/02\/anfeuern\/"},"modified":"2013-11-02T15:06:22","modified_gmt":"2013-11-02T14:06:22","slug":"anfeuern","status":"publish","type":"post","link":"https:\/\/www.andreas-edler.de\/blog\/2009\/02\/anfeuern\/","title":{"rendered":"Anfeuern"},"content":{"rendered":"<p>Nachdem ich die Nacht eher wach verbracht habe und mich damit besch\u00e4ftigte, alte Fernsehaufnahmen zurecht zu schneiden und zu muxen, war der Tag ziemlich tr\u00f6delig. Wollte ein Regal bauen aber verschoben, nachmittags im Werrepark einen Tanzauftritt der kleinen Nichte angeguckt und danach, als ich mich Tim &#8222;Episode V&#8220; geh\u00f6rt habe, einfach so eingeschlafen. Passiert mir auch nicht oft ;-)<\/p>\n<p>Um kurz vor 18 Uhr hatte ich schon die Abendgarderobe an und \u00fcberlegte, ob ich DSDS im Sitzsack oder auf dem Sofa guckte, als es am K\u00fcchenfenster klopfte und ein Freund sehr erstaunt war, dass ich nicht fertig war. V\u00f6llig vergessen! Wir wollten doch mit dem Rad zur Turnhalle um beim Badminton den heimischen Verein anzufeuern! Also flugs in die Jeans geschl\u00fcpft, das Fahrrad geschnappt und los.<\/p>\n<p>Bad Oeynhausen gegen Paderborn &#8211; und f\u00fcr die Paderborner ging es um den Aufstieg. Den sie wohl dank recht souver\u00e4nem Auftritt auch geschafft haben. Haben nat\u00fcrlich trotzdem den Lokalmatadoren die Daumen gedr\u00fcckt. Und nebenbei habe ich versucht in der Halle ohne Blitz halbwegs ertr\u00e4gliche Fotos zu machen. Aber dazu brauche ich wohl wirklich eine andere Kamera. Meine ist noch zu lichtschwach &#8211; oder ich zu doof. Eins ist etwas geworden glaube ich, der Rest schon etwas unscharf. <\/p>\n<p style=\"text-align:center;\"><img decoding=\"async\" src=\"http:\/\/www.andreas-edler.de\/grafik\/blog_2009\/20090228_badminton.jpg\" width=\"470\" border=\"0\" alt=\"\"><\/p>\n<p> Steht nun schon das zweite technische Gimmick auf der Kaufliste. Playstation 3 (wegen dem BlueRay-Player) und eine digitale Spiegelreflexkamera. Hat mal jemand einen Lottoschein?<\/p>\n","protected":false},"excerpt":{"rendered":"<p>Nachdem ich die Nacht eher wach verbracht habe und mich damit besch\u00e4ftigte, alte Fernsehaufnahmen zurecht zu schneiden und zu muxen, war der Tag ziemlich tr\u00f6delig. Wollte ein Regal bauen aber verschoben, nachmittags im Werrepark einen Tanzauftritt der kleinen Nichte angeguckt &hellip;<\/p>\n<p class=\"read-more\"> <a class=\"more-link\" href=\"https:\/\/www.andreas-edler.de\/blog\/2009\/02\/anfeuern\/\"> <span class=\"screen-reader-text\">Anfeuern<\/span> Weiterlesen &raquo;<\/a><\/p>\n","protected":false},"author":1,"featured_media":0,"comment_status":"open","ping_status":"open","sticky":false,"template":"","format":"standard","meta":{"ngg_post_thumbnail":0,"activitypub_content_warning":"","activitypub_content_visibility":"","activitypub_max_image_attachments":2,"activitypub_interaction_policy_quote":"anyone","activitypub_status":"","footnotes":""},"categories":[1],"tags":[17,4],"class_list":["post-6626","post","type-post","status-publish","format-standard","hentry","category-allgemein","tag-auf-der-piste","tag-foto"],"share_on_mastodon":{"url":"","error":""},"_links":{"self":[{"href":"https:\/\/www.andreas-edler.de\/blog\/wp-json\/wp\/v2\/posts\/6626","targetHints":{"allow":["GET"]}}],"collection":[{"href":"https:\/\/www.andreas-edler.de\/blog\/wp-json\/wp\/v2\/posts"}],"about":[{"href":"https:\/\/www.andreas-edler.de\/blog\/wp-json\/wp\/v2\/types\/post"}],"author":[{"embeddable":true,"href":"https:\/\/www.andreas-edler.de\/blog\/wp-json\/wp\/v2\/users\/1"}],"replies":[{"embeddable":true,"href":"https:\/\/www.andreas-edler.de\/blog\/wp-json\/wp\/v2\/comments?post=6626"}],"version-history":[{"count":0,"href":"https:\/\/www.andreas-edler.de\/blog\/wp-json\/wp\/v2\/posts\/6626\/revisions"}],"wp:attachment":[{"href":"https:\/\/www.andreas-edler.de\/blog\/wp-json\/wp\/v2\/media?parent=6626"}],"wp:term":[{"taxonomy":"category","embeddable":true,"href":"https:\/\/www.andreas-edler.de\/blog\/wp-json\/wp\/v2\/categories?post=6626"},{"taxonomy":"post_tag","embeddable":true,"href":"https:\/\/www.andreas-edler.de\/blog\/wp-json\/wp\/v2\/tags?post=6626"}],"curies":[{"name":"wp","href":"https:\/\/api.w.org\/{rel}","templated":true}]}}