{"id":6602,"date":"2009-02-12T22:53:00","date_gmt":"2009-02-12T21:53:00","guid":{"rendered":"http:\/\/www.andreas-edler.de\/blog\/2009\/02\/interview\/"},"modified":"2013-11-02T15:06:23","modified_gmt":"2013-11-02T14:06:23","slug":"interview","status":"publish","type":"post","link":"https:\/\/www.andreas-edler.de\/blog\/2009\/02\/interview\/","title":{"rendered":"Interview"},"content":{"rendered":"<p>Vor ungef\u00e4hr zwei Wochen rief mich eine Dame vom <a href=\"http:\/\/www.westfalenblatt.de\/\">Westfalenblatt<\/a> an und fragte, ob ich irgendwann mal ein paar Minuten Zeit f\u00fcr ein kleines Gespr\u00e4ch h\u00e4tte. Eine Kollegin h\u00e4tte gesehen, dass ich da diese <a href=\"http:\/\/www.filmfacts.de\/\">Filmseite<\/a> habe und da k\u00f6nnte man ja dr\u00fcber schreiben. Klar, gerne doch. Ein Termin am <a href=\"http:\/\/www.uci-kinowelt.de\/kino\/Programm\/73\/bad_oeynhausen\">Kino<\/a> wurde vereinbart, da auch ein schickes Foto gemacht werden sollte. Allerdings kam es dann letzte Woche nicht dazu, da am Tag der Verabredung etwas dazwischen kam und ich nach einer Verschiebung gefragt wurde. Sicher, kein Problem.<\/p>\n<p>Heute musste ich dann auch nur &#8217;ne Viertelstunde warten, bis eine Vertretung meiner Verabredung kam. Und das wo ich&#8217;s mit der Zeit echt habe. Ich war schon &#8217;n bisschen trippelig. Etwas erstaunt war ich dann, dass irgendwie nicht so richtig bekannt war, worum es ging &#8211; ich wusste das auch nicht. Immerhin bin ich gefragt worden, nicht anders herum :-o Na, dann reden wir eben einfach drauf los.<\/p>\n<p>War wirklich ein angenehmes Gespr\u00e4ch, zwanglos und ohne Vorgaben. Ich hoffe ich habe nicht zu sehr angegeben und <span style=\"font-size: xx-small;\">&#8211; an die Mitleser aus dem Kino ;-) &#8211;<\/span> das ist nicht auf meinem Mist gewachsen! *g* Mu\u00df ich wohl n\u00e4chste Woche mal mehr auf&#8217;s Westfalenblatt achten. So Dienstag oder Mittwoch wurde mir gesagt. <\/p>\n<p style=\"text-align:center;\"><img decoding=\"async\" src=\"http:\/\/www.andreas-edler.de\/grafik\/blog_2009\/20090212_uci_kinowelt.jpg\" width=\"470\" border=\"0\" alt=\"\"><\/p>\n","protected":false},"excerpt":{"rendered":"<p>Vor ungef\u00e4hr zwei Wochen rief mich eine Dame vom Westfalenblatt an und fragte, ob ich irgendwann mal ein paar Minuten Zeit f\u00fcr ein kleines Gespr\u00e4ch h\u00e4tte. Eine Kollegin h\u00e4tte gesehen, dass ich da diese Filmseite habe und da k\u00f6nnte man &hellip;<\/p>\n<p class=\"read-more\"> <a class=\"more-link\" href=\"https:\/\/www.andreas-edler.de\/blog\/2009\/02\/interview\/\"> <span class=\"screen-reader-text\">Interview<\/span> Weiterlesen &raquo;<\/a><\/p>\n","protected":false},"author":1,"featured_media":0,"comment_status":"open","ping_status":"open","sticky":false,"template":"","format":"standard","meta":{"ngg_post_thumbnail":0,"activitypub_content_warning":"","activitypub_content_visibility":"","activitypub_max_image_attachments":2,"activitypub_interaction_policy_quote":"anyone","activitypub_status":"","footnotes":""},"categories":[1],"tags":[11,59],"class_list":["post-6602","post","type-post","status-publish","format-standard","hentry","category-allgemein","tag-film","tag-presse"],"share_on_mastodon":{"url":"","error":""},"_links":{"self":[{"href":"https:\/\/www.andreas-edler.de\/blog\/wp-json\/wp\/v2\/posts\/6602","targetHints":{"allow":["GET"]}}],"collection":[{"href":"https:\/\/www.andreas-edler.de\/blog\/wp-json\/wp\/v2\/posts"}],"about":[{"href":"https:\/\/www.andreas-edler.de\/blog\/wp-json\/wp\/v2\/types\/post"}],"author":[{"embeddable":true,"href":"https:\/\/www.andreas-edler.de\/blog\/wp-json\/wp\/v2\/users\/1"}],"replies":[{"embeddable":true,"href":"https:\/\/www.andreas-edler.de\/blog\/wp-json\/wp\/v2\/comments?post=6602"}],"version-history":[{"count":0,"href":"https:\/\/www.andreas-edler.de\/blog\/wp-json\/wp\/v2\/posts\/6602\/revisions"}],"wp:attachment":[{"href":"https:\/\/www.andreas-edler.de\/blog\/wp-json\/wp\/v2\/media?parent=6602"}],"wp:term":[{"taxonomy":"category","embeddable":true,"href":"https:\/\/www.andreas-edler.de\/blog\/wp-json\/wp\/v2\/categories?post=6602"},{"taxonomy":"post_tag","embeddable":true,"href":"https:\/\/www.andreas-edler.de\/blog\/wp-json\/wp\/v2\/tags?post=6602"}],"curies":[{"name":"wp","href":"https:\/\/api.w.org\/{rel}","templated":true}]}}