{"id":6598,"date":"2009-02-11T18:38:00","date_gmt":"2009-02-11T17:38:00","guid":{"rendered":"http:\/\/www.andreas-edler.de\/blog\/2009\/02\/wittke-ist-weg\/"},"modified":"2009-02-11T18:38:00","modified_gmt":"2009-02-11T17:38:00","slug":"wittke-ist-weg","status":"publish","type":"post","link":"https:\/\/www.andreas-edler.de\/blog\/2009\/02\/wittke-ist-weg\/","title":{"rendered":"Wittke ist weg"},"content":{"rendered":"<p><cite>Der Westen: <b><a href=\"http:\/\/www.derwesten.de\/nachrichten\/nachrichten\/2009\/2\/11\/news-110675623\/detail.html\">Verkehrsminister Wittke tritt nach Tempoversto\u00df zur\u00fcck<\/a><\/b><br \/>&#8230; &#8222;Aufgrund meines Fehlverhaltens im Stra\u00dfenverkehr kann ich meiner als Verkehrsminister zwingend erforderlichen Vorbildfunktion nicht gerecht werden&#8220;, lie\u00df er in einer Mitteilung erkl\u00e4ren &#8230;<\/cite> Sehr gut. Allerdings gibt es da doch auch noch andere, auf die genau das auch zutrifft. Verhalten welches nicht mit dem jeweiligen Amt in Einklang zu bringen ist. Wann treten die zur\u00fcck?<\/p>\n","protected":false},"excerpt":{"rendered":"<p>Der Westen: Verkehrsminister Wittke tritt nach Tempoversto\u00df zur\u00fcck&#8230; &#8222;Aufgrund meines Fehlverhaltens im Stra\u00dfenverkehr kann ich meiner als Verkehrsminister zwingend erforderlichen Vorbildfunktion nicht gerecht werden&#8220;, lie\u00df er in einer Mitteilung erkl\u00e4ren &#8230; Sehr gut. Allerdings gibt es da doch auch noch &hellip;<\/p>\n<p class=\"read-more\"> <a class=\"more-link\" href=\"https:\/\/www.andreas-edler.de\/blog\/2009\/02\/wittke-ist-weg\/\"> <span class=\"screen-reader-text\">Wittke ist weg<\/span> Weiterlesen &raquo;<\/a><\/p>\n","protected":false},"author":1,"featured_media":0,"comment_status":"open","ping_status":"open","sticky":false,"template":"","format":"standard","meta":{"ngg_post_thumbnail":0,"activitypub_content_warning":"","activitypub_content_visibility":"","activitypub_max_image_attachments":2,"activitypub_interaction_policy_quote":"anyone","activitypub_status":"","footnotes":""},"categories":[45],"tags":[19],"class_list":["post-6598","post","type-post","status-publish","format-standard","hentry","category-politik","tag-tagesgeschehen"],"share_on_mastodon":{"url":"","error":""},"_links":{"self":[{"href":"https:\/\/www.andreas-edler.de\/blog\/wp-json\/wp\/v2\/posts\/6598","targetHints":{"allow":["GET"]}}],"collection":[{"href":"https:\/\/www.andreas-edler.de\/blog\/wp-json\/wp\/v2\/posts"}],"about":[{"href":"https:\/\/www.andreas-edler.de\/blog\/wp-json\/wp\/v2\/types\/post"}],"author":[{"embeddable":true,"href":"https:\/\/www.andreas-edler.de\/blog\/wp-json\/wp\/v2\/users\/1"}],"replies":[{"embeddable":true,"href":"https:\/\/www.andreas-edler.de\/blog\/wp-json\/wp\/v2\/comments?post=6598"}],"version-history":[{"count":0,"href":"https:\/\/www.andreas-edler.de\/blog\/wp-json\/wp\/v2\/posts\/6598\/revisions"}],"wp:attachment":[{"href":"https:\/\/www.andreas-edler.de\/blog\/wp-json\/wp\/v2\/media?parent=6598"}],"wp:term":[{"taxonomy":"category","embeddable":true,"href":"https:\/\/www.andreas-edler.de\/blog\/wp-json\/wp\/v2\/categories?post=6598"},{"taxonomy":"post_tag","embeddable":true,"href":"https:\/\/www.andreas-edler.de\/blog\/wp-json\/wp\/v2\/tags?post=6598"}],"curies":[{"name":"wp","href":"https:\/\/api.w.org\/{rel}","templated":true}]}}